{"id":16869,"date":"2019-11-07T17:08:19","date_gmt":"2019-11-07T17:08:19","guid":{"rendered":"https:\/\/www.elza-institute.com\/?p=16869"},"modified":"2020-07-23T17:41:02","modified_gmt":"2020-07-23T17:41:02","slug":"prof-hafezi-9th-congres-de-la-vision-in-rabat-morocco","status":"publish","type":"post","link":"https:\/\/www.elza-institute.com\/pt\/prof-hafezi-9th-congres-de-la-vision-in-rabat-morocco\/","title":{"rendered":"Prof. Hafezi no 9\u00ba Congr\u00e8s de la Vision em Rabat, Marrocos"},"content":{"rendered":"<p>Prof. Hafezi was invited to give a series of four presentations at the 9th Congr\u00e8s de la Vision in Rabat, Morocco, as well as participate in some of the corneal cross-linking (CXL) wetlabs and workshops, where he educated local ophthalmologists on the latest in cross-linking clinical best practice.<\/p>\n<p>His presentation titles were:<\/p>\n<ul>\n<li>Laser excimer applications for irregular corneas<\/li>\n<li>Sub400 protocol: CXL Treatment for thin corneas<\/li>\n<li>Using CXL to treat infectious keratitis<\/li>\n<li>CXL at the Slit Lamp<\/li>\n<\/ul>\n<p>As part of the Light for Sight course on Keratoconus, Prof. Hafezi also gave the following presentations:<\/p>\n<ul>\n<li>Is keratoconus rare?<\/li>\n<li>What are the at-risk groups for keratoconus?<\/li>\n<li>Best practice model for treating pediatric patients<\/li>\n<\/ul>\n<p>Here are some photographs and videos from the conference:<\/p>\n<p>[foogallery id=&#8221;16876&#8243;]<\/p>\n<p>Videos:<\/p>\n<p><iframe src=\"https:\/\/player.vimeo.com\/video\/371171660?dnt=1&amp;app_id=122963\" width=\"800\" height=\"450\" frameborder=\"0\" allow=\"autoplay; fullscreen\" allowfullscreen><\/iframe><\/p>\n","protected":false},"excerpt":{"rendered":"<p>O Prof. Hafezi foi convidado a fazer uma s\u00e9rie de quatro apresenta\u00e7\u00f5es no 9\u00ba Congr\u00e8s de la Vision em Rabat, Marrocos<\/p>","protected":false},"author":4,"featured_media":16882,"comment_status":"closed","ping_status":"closed","sticky":false,"template":"","format":"standard","meta":{"_acf_changed":false,"footnotes":""},"categories":[214,97],"tags":[209,132,101,125,105,116,130,123,104,128],"class_list":["post-16869","post","type-post","status-publish","format-standard","has-post-thumbnail","hentry","category-farhad-hafezi","category-podium-power","tag-basic-research","tag-biomechanics","tag-children","tag-cornea","tag-corneal-infection","tag-corneal-ulcer","tag-cross-linking","tag-keratoconus","tag-pack-cxl","tag-trans-prk"],"acf":[],"yoast_head":"<!-- This site is optimized with the Yoast SEO plugin v27.4 - https:\/\/yoast.com\/product\/yoast-seo-wordpress\/ -->\n<title>Prof. Hafezi at the 9th Congr\u00e8s de la Vision in Rabat, Morocco<\/title>\n<meta name=\"description\" content=\"Prof. Hafezi gave a four presentations at the 9th Congr\u00e8s de la Vision in Rabat, Morocco, as well as participating in some of the CXL wetlabs and workshops\" \/>\n<meta name=\"robots\" content=\"index, follow, max-snippet:-1, max-image-preview:large, max-video-preview:-1\" \/>\n<link rel=\"canonical\" href=\"https:\/\/www.elza-institute.com\/pt\/prof-hafezi-auf-dem-9-congres-de-la-vision-in-rabat-marokko\/\" \/>\n<meta property=\"og:locale\" content=\"pt_PT\" \/>\n<meta property=\"og:type\" content=\"article\" \/>\n<meta property=\"og:title\" content=\"Prof. Hafezi at the 9th Congr\u00e8s de la Vision in Rabat, Morocco\" \/>\n<meta property=\"og:description\" content=\"Prof. Hafezi gave a four presentations at the 9th Congr\u00e8s de la Vision in Rabat, Morocco, as well as participating in some of the CXL wetlabs and workshops\" \/>\n<meta property=\"og:url\" content=\"https:\/\/www.elza-institute.com\/pt\/prof-hafezi-auf-dem-9-congres-de-la-vision-in-rabat-marokko\/\" \/>\n<meta property=\"og:site_name\" content=\"The ELZA Institute\" \/>\n<meta property=\"article:publisher\" content=\"https:\/\/www.facebook.com\/ELZA.Institute\/\" \/>\n<meta property=\"article:published_time\" content=\"2019-11-07T17:08:19+00:00\" \/>\n<meta property=\"article:modified_time\" content=\"2020-07-23T17:41:02+00:00\" \/>\n<meta property=\"og:image\" content=\"https:\/\/www.elza-institute.com\/wp-content\/uploads\/2019\/11\/featuredimage.jpg\" \/>\n\t<meta property=\"og:image:width\" content=\"1200\" \/>\n\t<meta property=\"og:image:height\" content=\"600\" \/>\n\t<meta property=\"og:image:type\" content=\"image\/jpeg\" \/>\n<meta name=\"author\" content=\"Mark Hillen\" \/>\n<meta name=\"twitter:label1\" content=\"Escrito por\" \/>\n\t<meta name=\"twitter:data1\" content=\"Mark Hillen\" \/>\n\t<meta name=\"twitter:label2\" content=\"Tempo estimado de leitura\" \/>\n\t<meta name=\"twitter:data2\" content=\"1 minuto\" \/>\n<script type=\"application\/ld+json\" class=\"yoast-schema-graph\">{\"@context\":\"https:\\\/\\\/schema.org\",\"@graph\":[{\"@type\":\"Article\",\"@id\":\"https:\\\/\\\/www.elza-institute.com\\\/de-ch\\\/prof-hafezi-auf-dem-9-congres-de-la-vision-in-rabat-marokko\\\/#article\",\"isPartOf\":{\"@id\":\"https:\\\/\\\/www.elza-institute.com\\\/de-ch\\\/prof-hafezi-auf-dem-9-congres-de-la-vision-in-rabat-marokko\\\/\"},\"author\":{\"name\":\"Mark Hillen\",\"@id\":\"https:\\\/\\\/www.elza-institute.com\\\/#\\\/schema\\\/person\\\/e3929262886a5a60dd6965a6bc721d15\"},\"headline\":\"Prof. Hafezi at the 9th Congr\u00e8s de la Vision in Rabat, Morocco\",\"datePublished\":\"2019-11-07T17:08:19+00:00\",\"dateModified\":\"2020-07-23T17:41:02+00:00\",\"mainEntityOfPage\":{\"@id\":\"https:\\\/\\\/www.elza-institute.com\\\/de-ch\\\/prof-hafezi-auf-dem-9-congres-de-la-vision-in-rabat-marokko\\\/\"},\"wordCount\":139,\"publisher\":{\"@id\":\"https:\\\/\\\/www.elza-institute.com\\\/#organization\"},\"image\":{\"@id\":\"https:\\\/\\\/www.elza-institute.com\\\/de-ch\\\/prof-hafezi-auf-dem-9-congres-de-la-vision-in-rabat-marokko\\\/#primaryimage\"},\"thumbnailUrl\":\"https:\\\/\\\/www.elza-institute.com\\\/wp-content\\\/uploads\\\/2019\\\/11\\\/featuredimage.jpg\",\"keywords\":[\"Basic Research\",\"Biomechanics\",\"Children\",\"Cornea\",\"Corneal infection\",\"Corneal ulcer\",\"Cross-Linking\",\"Keratoconus\",\"PACK-CXL\",\"trans-PRK\"],\"articleSection\":[\"Farhad Hafezi\",\"Podium Power\"],\"inLanguage\":\"pt-PT\"},{\"@type\":\"WebPage\",\"@id\":\"https:\\\/\\\/www.elza-institute.com\\\/de-ch\\\/prof-hafezi-auf-dem-9-congres-de-la-vision-in-rabat-marokko\\\/\",\"url\":\"https:\\\/\\\/www.elza-institute.com\\\/de-ch\\\/prof-hafezi-auf-dem-9-congres-de-la-vision-in-rabat-marokko\\\/\",\"name\":\"Prof. Hafezi at the 9th Congr\u00e8s de la Vision in Rabat, Morocco\",\"isPartOf\":{\"@id\":\"https:\\\/\\\/www.elza-institute.com\\\/#website\"},\"primaryImageOfPage\":{\"@id\":\"https:\\\/\\\/www.elza-institute.com\\\/de-ch\\\/prof-hafezi-auf-dem-9-congres-de-la-vision-in-rabat-marokko\\\/#primaryimage\"},\"image\":{\"@id\":\"https:\\\/\\\/www.elza-institute.com\\\/de-ch\\\/prof-hafezi-auf-dem-9-congres-de-la-vision-in-rabat-marokko\\\/#primaryimage\"},\"thumbnailUrl\":\"https:\\\/\\\/www.elza-institute.com\\\/wp-content\\\/uploads\\\/2019\\\/11\\\/featuredimage.jpg\",\"datePublished\":\"2019-11-07T17:08:19+00:00\",\"dateModified\":\"2020-07-23T17:41:02+00:00\",\"description\":\"Prof. Hafezi gave a four presentations at the 9th Congr\u00e8s de la Vision in Rabat, Morocco, as well as participating in some of the CXL wetlabs and workshops\",\"breadcrumb\":{\"@id\":\"https:\\\/\\\/www.elza-institute.com\\\/de-ch\\\/prof-hafezi-auf-dem-9-congres-de-la-vision-in-rabat-marokko\\\/#breadcrumb\"},\"inLanguage\":\"pt-PT\",\"potentialAction\":[{\"@type\":\"ReadAction\",\"target\":[\"https:\\\/\\\/www.elza-institute.com\\\/de-ch\\\/prof-hafezi-auf-dem-9-congres-de-la-vision-in-rabat-marokko\\\/\"]}]},{\"@type\":\"ImageObject\",\"inLanguage\":\"pt-PT\",\"@id\":\"https:\\\/\\\/www.elza-institute.com\\\/de-ch\\\/prof-hafezi-auf-dem-9-congres-de-la-vision-in-rabat-marokko\\\/#primaryimage\",\"url\":\"https:\\\/\\\/www.elza-institute.com\\\/wp-content\\\/uploads\\\/2019\\\/11\\\/featuredimage.jpg\",\"contentUrl\":\"https:\\\/\\\/www.elza-institute.com\\\/wp-content\\\/uploads\\\/2019\\\/11\\\/featuredimage.jpg\",\"width\":1200,\"height\":600},{\"@type\":\"BreadcrumbList\",\"@id\":\"https:\\\/\\\/www.elza-institute.com\\\/de-ch\\\/prof-hafezi-auf-dem-9-congres-de-la-vision-in-rabat-marokko\\\/#breadcrumb\",\"itemListElement\":[{\"@type\":\"ListItem\",\"position\":1,\"name\":\"Home\",\"item\":\"https:\\\/\\\/www.elza-institute.com\\\/\"},{\"@type\":\"ListItem\",\"position\":2,\"name\":\"Podium Power\",\"item\":\"https:\\\/\\\/www.elza-institute.com\\\/de-ch\\\/podium-power\\\/\"},{\"@type\":\"ListItem\",\"position\":3,\"name\":\"Prof. Hafezi at the 9th Congr\u00e8s de la Vision in Rabat, Morocco\"}]},{\"@type\":\"WebSite\",\"@id\":\"https:\\\/\\\/www.elza-institute.com\\\/#website\",\"url\":\"https:\\\/\\\/www.elza-institute.com\\\/\",\"name\":\"The ELZA Institute\",\"description\":\"Swiss EyeCare at its finest\",\"publisher\":{\"@id\":\"https:\\\/\\\/www.elza-institute.com\\\/#organization\"},\"potentialAction\":[{\"@type\":\"SearchAction\",\"target\":{\"@type\":\"EntryPoint\",\"urlTemplate\":\"https:\\\/\\\/www.elza-institute.com\\\/?s={search_term_string}\"},\"query-input\":{\"@type\":\"PropertyValueSpecification\",\"valueRequired\":true,\"valueName\":\"search_term_string\"}}],\"inLanguage\":\"pt-PT\"},{\"@type\":\"Organization\",\"@id\":\"https:\\\/\\\/www.elza-institute.com\\\/#organization\",\"name\":\"The ELZA Institute\",\"url\":\"https:\\\/\\\/www.elza-institute.com\\\/\",\"logo\":{\"@type\":\"ImageObject\",\"inLanguage\":\"pt-PT\",\"@id\":\"https:\\\/\\\/www.elza-institute.com\\\/#\\\/schema\\\/logo\\\/image\\\/\",\"url\":\"https:\\\/\\\/www.elza-institute.com\\\/wp-content\\\/uploads\\\/2016\\\/04\\\/ELZA-logo-V4.jpg\",\"contentUrl\":\"https:\\\/\\\/www.elza-institute.com\\\/wp-content\\\/uploads\\\/2016\\\/04\\\/ELZA-logo-V4.jpg\",\"width\":1181,\"height\":453,\"caption\":\"The ELZA Institute\"},\"image\":{\"@id\":\"https:\\\/\\\/www.elza-institute.com\\\/#\\\/schema\\\/logo\\\/image\\\/\"},\"sameAs\":[\"https:\\\/\\\/www.facebook.com\\\/ELZA.Institute\\\/\",\"https:\\\/\\\/x.com\\\/ELZA_Institute\",\"https:\\\/\\\/www.linkedin.com\\\/company\\\/elza-institute?trk=top_nav_home\"]},{\"@type\":\"Person\",\"@id\":\"https:\\\/\\\/www.elza-institute.com\\\/#\\\/schema\\\/person\\\/e3929262886a5a60dd6965a6bc721d15\",\"name\":\"Mark Hillen\",\"url\":\"https:\\\/\\\/www.elza-institute.com\\\/pt\\\/author\\\/markhillen\\\/\"}]}<\/script>\n<!-- \/ Yoast SEO plugin. -->","yoast_head_json":{"title":"Prof. Hafezi no 9\u00ba Congr\u00e8s de la Vision em Rabat, Marrocos","description":"O Prof. Hafezi fez quatro apresenta\u00e7\u00f5es no 9\u00ba Congr\u00e8s de la Vision em Rabat, Marrocos, tendo tamb\u00e9m participado em alguns dos wetlabs e workshops do CXL","robots":{"index":"index","follow":"follow","max-snippet":"max-snippet:-1","max-image-preview":"max-image-preview:large","max-video-preview":"max-video-preview:-1"},"canonical":"https:\/\/www.elza-institute.com\/pt\/prof-hafezi-auf-dem-9-congres-de-la-vision-in-rabat-marokko\/","og_locale":"pt_PT","og_type":"article","og_title":"Prof. Hafezi at the 9th Congr\u00e8s de la Vision in Rabat, Morocco","og_description":"Prof. Hafezi gave a four presentations at the 9th Congr\u00e8s de la Vision in Rabat, Morocco, as well as participating in some of the CXL wetlabs and workshops","og_url":"https:\/\/www.elza-institute.com\/pt\/prof-hafezi-auf-dem-9-congres-de-la-vision-in-rabat-marokko\/","og_site_name":"The ELZA Institute","article_publisher":"https:\/\/www.facebook.com\/ELZA.Institute\/","article_published_time":"2019-11-07T17:08:19+00:00","article_modified_time":"2020-07-23T17:41:02+00:00","og_image":[{"width":1200,"height":600,"url":"https:\/\/www.elza-institute.com\/wp-content\/uploads\/2019\/11\/featuredimage.jpg","type":"image\/jpeg"}],"author":"Mark Hillen","twitter_misc":{"Escrito por":"Mark Hillen","Tempo estimado de leitura":"1 minuto"},"schema":{"@context":"https:\/\/schema.org","@graph":[{"@type":"Article","@id":"https:\/\/www.elza-institute.com\/de-ch\/prof-hafezi-auf-dem-9-congres-de-la-vision-in-rabat-marokko\/#article","isPartOf":{"@id":"https:\/\/www.elza-institute.com\/de-ch\/prof-hafezi-auf-dem-9-congres-de-la-vision-in-rabat-marokko\/"},"author":{"name":"Mark Hillen","@id":"https:\/\/www.elza-institute.com\/#\/schema\/person\/e3929262886a5a60dd6965a6bc721d15"},"headline":"Prof. Hafezi at the 9th Congr\u00e8s de la Vision in Rabat, Morocco","datePublished":"2019-11-07T17:08:19+00:00","dateModified":"2020-07-23T17:41:02+00:00","mainEntityOfPage":{"@id":"https:\/\/www.elza-institute.com\/de-ch\/prof-hafezi-auf-dem-9-congres-de-la-vision-in-rabat-marokko\/"},"wordCount":139,"publisher":{"@id":"https:\/\/www.elza-institute.com\/#organization"},"image":{"@id":"https:\/\/www.elza-institute.com\/de-ch\/prof-hafezi-auf-dem-9-congres-de-la-vision-in-rabat-marokko\/#primaryimage"},"thumbnailUrl":"https:\/\/www.elza-institute.com\/wp-content\/uploads\/2019\/11\/featuredimage.jpg","keywords":["Basic Research","Biomechanics","Children","Cornea","Corneal infection","Corneal ulcer","Cross-Linking","Keratoconus","PACK-CXL","trans-PRK"],"articleSection":["Farhad Hafezi","Podium Power"],"inLanguage":"pt-PT"},{"@type":"WebPage","@id":"https:\/\/www.elza-institute.com\/de-ch\/prof-hafezi-auf-dem-9-congres-de-la-vision-in-rabat-marokko\/","url":"https:\/\/www.elza-institute.com\/de-ch\/prof-hafezi-auf-dem-9-congres-de-la-vision-in-rabat-marokko\/","name":"Prof. Hafezi no 9\u00ba Congr\u00e8s de la Vision em Rabat, Marrocos","isPartOf":{"@id":"https:\/\/www.elza-institute.com\/#website"},"primaryImageOfPage":{"@id":"https:\/\/www.elza-institute.com\/de-ch\/prof-hafezi-auf-dem-9-congres-de-la-vision-in-rabat-marokko\/#primaryimage"},"image":{"@id":"https:\/\/www.elza-institute.com\/de-ch\/prof-hafezi-auf-dem-9-congres-de-la-vision-in-rabat-marokko\/#primaryimage"},"thumbnailUrl":"https:\/\/www.elza-institute.com\/wp-content\/uploads\/2019\/11\/featuredimage.jpg","datePublished":"2019-11-07T17:08:19+00:00","dateModified":"2020-07-23T17:41:02+00:00","description":"O Prof. Hafezi fez quatro apresenta\u00e7\u00f5es no 9\u00ba Congr\u00e8s de la Vision em Rabat, Marrocos, tendo tamb\u00e9m participado em alguns dos wetlabs e workshops do CXL","breadcrumb":{"@id":"https:\/\/www.elza-institute.com\/de-ch\/prof-hafezi-auf-dem-9-congres-de-la-vision-in-rabat-marokko\/#breadcrumb"},"inLanguage":"pt-PT","potentialAction":[{"@type":"ReadAction","target":["https:\/\/www.elza-institute.com\/de-ch\/prof-hafezi-auf-dem-9-congres-de-la-vision-in-rabat-marokko\/"]}]},{"@type":"ImageObject","inLanguage":"pt-PT","@id":"https:\/\/www.elza-institute.com\/de-ch\/prof-hafezi-auf-dem-9-congres-de-la-vision-in-rabat-marokko\/#primaryimage","url":"https:\/\/www.elza-institute.com\/wp-content\/uploads\/2019\/11\/featuredimage.jpg","contentUrl":"https:\/\/www.elza-institute.com\/wp-content\/uploads\/2019\/11\/featuredimage.jpg","width":1200,"height":600},{"@type":"BreadcrumbList","@id":"https:\/\/www.elza-institute.com\/de-ch\/prof-hafezi-auf-dem-9-congres-de-la-vision-in-rabat-marokko\/#breadcrumb","itemListElement":[{"@type":"ListItem","position":1,"name":"Home","item":"https:\/\/www.elza-institute.com\/"},{"@type":"ListItem","position":2,"name":"Podium Power","item":"https:\/\/www.elza-institute.com\/de-ch\/podium-power\/"},{"@type":"ListItem","position":3,"name":"Prof. Hafezi at the 9th Congr\u00e8s de la Vision in Rabat, Morocco"}]},{"@type":"WebSite","@id":"https:\/\/www.elza-institute.com\/#website","url":"https:\/\/www.elza-institute.com\/","name":"O Instituto ELZA","description":"Swiss EyeCare no seu melhor","publisher":{"@id":"https:\/\/www.elza-institute.com\/#organization"},"potentialAction":[{"@type":"SearchAction","target":{"@type":"EntryPoint","urlTemplate":"https:\/\/www.elza-institute.com\/?s={search_term_string}"},"query-input":{"@type":"PropertyValueSpecification","valueRequired":true,"valueName":"search_term_string"}}],"inLanguage":"pt-PT"},{"@type":"Organization","@id":"https:\/\/www.elza-institute.com\/#organization","name":"O Instituto ELZA","url":"https:\/\/www.elza-institute.com\/","logo":{"@type":"ImageObject","inLanguage":"pt-PT","@id":"https:\/\/www.elza-institute.com\/#\/schema\/logo\/image\/","url":"https:\/\/www.elza-institute.com\/wp-content\/uploads\/2016\/04\/ELZA-logo-V4.jpg","contentUrl":"https:\/\/www.elza-institute.com\/wp-content\/uploads\/2016\/04\/ELZA-logo-V4.jpg","width":1181,"height":453,"caption":"The ELZA Institute"},"image":{"@id":"https:\/\/www.elza-institute.com\/#\/schema\/logo\/image\/"},"sameAs":["https:\/\/www.facebook.com\/ELZA.Institute\/","https:\/\/x.com\/ELZA_Institute","https:\/\/www.linkedin.com\/company\/elza-institute?trk=top_nav_home"]},{"@type":"Person","@id":"https:\/\/www.elza-institute.com\/#\/schema\/person\/e3929262886a5a60dd6965a6bc721d15","name":"Mark Hillen","url":"https:\/\/www.elza-institute.com\/pt\/author\/markhillen\/"}]}},"_links":{"self":[{"href":"https:\/\/www.elza-institute.com\/pt\/wp-json\/wp\/v2\/posts\/16869","targetHints":{"allow":["GET"]}}],"collection":[{"href":"https:\/\/www.elza-institute.com\/pt\/wp-json\/wp\/v2\/posts"}],"about":[{"href":"https:\/\/www.elza-institute.com\/pt\/wp-json\/wp\/v2\/types\/post"}],"author":[{"embeddable":true,"href":"https:\/\/www.elza-institute.com\/pt\/wp-json\/wp\/v2\/users\/4"}],"replies":[{"embeddable":true,"href":"https:\/\/www.elza-institute.com\/pt\/wp-json\/wp\/v2\/comments?post=16869"}],"version-history":[{"count":0,"href":"https:\/\/www.elza-institute.com\/pt\/wp-json\/wp\/v2\/posts\/16869\/revisions"}],"wp:featuredmedia":[{"embeddable":true,"href":"https:\/\/www.elza-institute.com\/pt\/wp-json\/wp\/v2\/media\/16882"}],"wp:attachment":[{"href":"https:\/\/www.elza-institute.com\/pt\/wp-json\/wp\/v2\/media?parent=16869"}],"wp:term":[{"taxonomy":"category","embeddable":true,"href":"https:\/\/www.elza-institute.com\/pt\/wp-json\/wp\/v2\/categories?post=16869"},{"taxonomy":"post_tag","embeddable":true,"href":"https:\/\/www.elza-institute.com\/pt\/wp-json\/wp\/v2\/tags?post=16869"}],"curies":[{"name":"wp","href":"https:\/\/api.w.org\/{rel}","templated":true}]}}