{"id":31248,"date":"2020-09-02T08:05:01","date_gmt":"2020-09-02T08:05:01","guid":{"rendered":"https:\/\/www.elza-institute.com\/?p=31248"},"modified":"2020-11-20T14:21:28","modified_gmt":"2020-11-20T14:21:28","slug":"treating-infectious-keratitis-with-cxl","status":"publish","type":"post","link":"https:\/\/www.elza-institute.com\/pt\/treating-infectious-keratitis-with-cxl\/","title":{"rendered":"Tratar a queratite infecciosa com CXL n\u00e3o \u00e9 como tratar o queratocone com CXL"},"content":{"rendered":"<p class=\"p1\"><span class=\"s1\">Tratar a queratite infecciosa com CXL n\u00e3o \u00e9 como tratar o queratocone com CXL. Recentemente, tivemos de escrever uma carta para a revista Ophthalmology, para chamar a aten\u00e7\u00e3o para as falhas numa publica\u00e7\u00e3o recente da revista.<\/span><\/p>\n<p class=\"p1\"><span class=\"s1\">O artigo em quest\u00e3o utilizou um dos aspectos mais interessantes do reticulado da c\u00f3rnea (CXL), um procedimento denominado crom\u00f3foro fotoactivado para queratite-CXL, ou PACK-CXL, como m\u00e9todo de tratamento da queratite f\u00fangica. No seu estudo, 111 doentes receberam agentes antif\u00fangicos t\u00f3picos (natamicina 5% ou anfotericina 0,15%) com ou sem PACK-CXL. No entanto, no final, conclu\u00edram que \"parece n\u00e3o haver benef\u00edcio do CXL adjuvante no tratamento prim\u00e1rio de \u00falceras f\u00fangicas filamentosas moderadas, e pode resultar numa diminui\u00e7\u00e3o da acuidade visual\".<\/span><\/p>\n<p class=\"p1\"><span class=\"s1\">Pensamos que cometeram um erro b\u00e1sico que implicou a aplica\u00e7\u00e3o de uma quantidade inadequada de irradia\u00e7\u00e3o UV (flu\u00eancia) durante o PACK-CXL para tratar infec\u00e7\u00f5es f\u00fangicas.<\/span><\/p>\n<p class=\"p1\"><span class=\"s1\">Este artigo tinha falhas. Faltavam-lhe pormenores b\u00e1sicos como o tamanho da \u00falcera de base e a flu\u00eancia UV aplicada. No entanto, olhando para a sec\u00e7\u00e3o de m\u00e9todos, citaram o cl\u00e1ssico \"protocolo de Dresden\" de reticula\u00e7\u00e3o do ceratocone (30 minutos de instila\u00e7\u00e3o de riboflavina 0,1%, seguidos de 30 minutos de ilumina\u00e7\u00e3o UV de 3 mW para uma flu\u00eancia total de 5,4 J\/cm2), pelo que consider\u00e1mos seguro assumir que foi utilizado aqui. <\/span><\/p>\n<p class=\"p1\"><span class=\"s1\">Mas o protocolo de Dresden \u00e9 totalmente inadequado para tratar a queratite infecciosa, quer seja bacteriana ou f\u00fangica. Para explicar porqu\u00ea, temos de explorar o que acontece quando uma c\u00f3rnea \u00e9 reticulada. <\/span><\/p>\n<p class=\"p1\"><span class=\"s1\">Quando o estroma saturado com riboflavina \u00e9 atingido por um fot\u00e3o UV, a riboflavina \u00e9 activada, reage, gera uma esp\u00e9cie reactiva de oxig\u00e9nio \"ROS\" que pode ligar as mol\u00e9culas do estroma entre si, ou fixar as membranas celulares e os \u00e1cidos nucleicos de quaisquer agentes patog\u00e9nicos presentes. Mas \u00e9 consumida. \u00c9 dif\u00edcil para a luz UV penetrar muito mais profundamente, uma vez que a riboflavina actua como um escudo (que \u00e9 consumido) contra a sua penetra\u00e7\u00e3o. Isto \u00e9 bom em muitos aspectos, pois protege as c\u00e9lulas endoteliais da c\u00f3rnea na base da c\u00f3rnea de serem danificadas pela irradia\u00e7\u00e3o UV. Mas tamb\u00e9m significa que a absor\u00e7\u00e3o da energia UV decai de forma logar\u00edtmica. Por conseguinte, a quantidade de energia UV fornecida pelo protocolo de Dresden apenas reticula os primeiros 100 \u00b5m.<\/span><\/p>\n<p><a href=\"https:\/\/www.elza-institute.com\/wp-content\/uploads\/2020\/08\/5.4-J-cm2-Irradiance-PACK-CXL.png\"><img fetchpriority=\"high\" decoding=\"async\" class=\"wp-image-31251  aligncenter\" src=\"https:\/\/www.elza-institute.com\/wp-content\/uploads\/2020\/08\/5.4-J-cm2-Irradiance-PACK-CXL-300x300.png\" alt=\"\" width=\"373\" height=\"373\" srcset=\"https:\/\/www.elza-institute.com\/wp-content\/uploads\/2020\/08\/5.4-J-cm2-Irradiance-PACK-CXL-300x300.png 300w, https:\/\/www.elza-institute.com\/wp-content\/uploads\/2020\/08\/5.4-J-cm2-Irradiance-PACK-CXL-150x150.png 150w, https:\/\/www.elza-institute.com\/wp-content\/uploads\/2020\/08\/5.4-J-cm2-Irradiance-PACK-CXL.png 600w\" sizes=\"(max-width: 373px) 100vw, 373px\" \/><\/a><\/p>\n<p class=\"p1\"><span class=\"s1\">Qual era a profundidade das \u00falceras destes doentes? A sec\u00e7\u00e3o M\u00e9todos refere que os olhos com \"envolvimento do ter\u00e7o posterior do estroma\" e \"paquimetria central inferior a 350 mm\" foram exclu\u00eddos e que 46% e 68% de CXL tratados com\u00a0<\/span><span class=\"s1\">(com natamicina e anfotericina, respetivamente) tinham profundidades de \u00falcera de 33-67% da profundidade do estroma. <\/span><\/p>\n<p class=\"p1\"><span class=\"s1\">Vamos fazer alguma aritm\u00e9tica para descobrir qual seria a profundidade de \u00falcera mais rasa poss\u00edvel (e, por conseguinte, teria a maior hip\u00f3tese de tratamento bem sucedido com um protocolo PACK-CXL que trata apenas os 100 \u00b5m superiores da c\u00f3rnea).<\/span><\/p>\n<p class=\"p1\"><span class=\"s1\">Se a c\u00f3rnea mais fina era de 350 \u00b5m no estudo e o intervalo de profundidade da \u00falcera mais superficial era de 33-67%, isto significa que as profundidades das \u00falceras variavam entre 111,5-234,5 \u00b5m - e, por conseguinte, c\u00f3rneas mais espessas teriam \u00falceras ainda mais profundas.<\/span><\/p>\n<p class=\"p1\"><span class=\"s1\">Por fim, tudo isto pressup\u00f5e que a c\u00f3rnea \u00e9 uma c\u00f3rnea queratoc\u00f3nica e n\u00e3o uma c\u00f3rnea com \u00falcera - que \u00e9 opaca, o que significa que \u00e9 ainda mais dif\u00edcil para a luz UV penetrar na c\u00f3rnea. Em suma, isto significa que, mesmo na melhor das hip\u00f3teses, n\u00e3o foi fornecida energia UV suficiente \u00e0 c\u00f3rnea para tratar toda a infe\u00e7\u00e3o.<\/span><\/p>\n<p class=\"p1\"><span class=\"s1\">J\u00e1 demonstr\u00e1mos que o PACK-CXL \u00e9 mais eficaz na elimina\u00e7\u00e3o de bact\u00e9rias quando s\u00e3o utilizadas flu\u00eancias UV mais elevadas, e estamos a verificar no nosso ensaio cl\u00ednico em curso que a efic\u00e1cia do PACK-CXL com uma flu\u00eancia total de 7,2 J\/cm<\/span><span class=\"s2\">\u00b2<\/span><span class=\"s1\"> \u00e9 semelhante ao da terapia antimicrobiana. Por estas raz\u00f5es, acreditamos que os autores deste artigo utilizaram uma flu\u00eancia inadequada para tratar as \u00falceras f\u00fangicas destes doentes.<\/span><\/p>\n<p><a href=\"https:\/\/www.elza-institute.com\/wp-content\/uploads\/2020\/08\/7.2-J-cm2-Irradiance-PACK-CXL.png\"><img decoding=\"async\" class=\"aligncenter size-full wp-image-31252\" src=\"https:\/\/www.elza-institute.com\/wp-content\/uploads\/2020\/08\/7.2-J-cm2-Irradiance-PACK-CXL.png\" alt=\"\" width=\"600\" height=\"600\" srcset=\"https:\/\/www.elza-institute.com\/wp-content\/uploads\/2020\/08\/7.2-J-cm2-Irradiance-PACK-CXL.png 600w, https:\/\/www.elza-institute.com\/wp-content\/uploads\/2020\/08\/7.2-J-cm2-Irradiance-PACK-CXL-300x300.png 300w, https:\/\/www.elza-institute.com\/wp-content\/uploads\/2020\/08\/7.2-J-cm2-Irradiance-PACK-CXL-150x150.png 150w\" sizes=\"(max-width: 600px) 100vw, 600px\" \/><\/a><\/p>\n<p class=\"p1\"><span class=\"s1\"><b>Refer\u00eancias<\/b><\/span><\/p>\n<ol class=\"ol1\">\n<li class=\"li1\"><span class=\"s1\">Hafezi F, Torres-Netto EA, Hillen MJP. Re: Prajna et al: Cross-Linking-Assisted Infection Reduction: um ensaio cl\u00ednico aleat\u00f3rio que avalia o efeito do cross-linking adjuvante nos resultados da queratite f\u00fangica. Ophthalmology. 2020. 13 de agosto. <a href=\"https:\/\/pubmed.ncbi.nlm.nih.gov\/32800613\/\">Online antes da impress\u00e3o<\/a>. <\/span><\/li>\n<li class=\"li1\"><span class=\"s1\">Prajna NV, Radhakrishnan N, Lalitha P, et al. Um ensaio cl\u00ednico aleat\u00f3rio que avalia o efeito do cross-linking adjuvante nos resultados da queratite f\u00fangica. Oftalmologia. 2020;127: 159<\/span><span class=\"s3\">e<\/span><span class=\"s1\">166.<\/span><\/li>\n<li class=\"li1\"><span class=\"s1\">Kling S, Hufschmid FS, Torres-Netto EA, et al. Alta <\/span><span class=\"s3\">fl<\/span><span class=\"s1\">aumenta a efic\u00e1cia antibacteriana<\/span><span class=\"s3\">fi<\/span><span class=\"s1\">efic\u00e1cia da liga\u00e7\u00e3o cruzada PACK. Cornea. 2020;39:1020<\/span><span class=\"s3\">e<\/span><span class=\"s1\">1026.<\/span><\/li>\n<\/ol>","protected":false},"excerpt":{"rendered":"<p>Tratar a queratite infecciosa com CXL n\u00e3o \u00e9 como tratar o queratocone com CXL. Recentemente, tivemos de escrever uma carta para a revista Ophthalmology, para chamar a aten\u00e7\u00e3o para as falhas numa publica\u00e7\u00e3o recente da revista.<\/p>","protected":false},"author":4,"featured_media":31267,"comment_status":"closed","ping_status":"closed","sticky":false,"template":"","format":"standard","meta":{"_acf_changed":false,"footnotes":""},"categories":[214,95],"tags":[452,125,105,116,453,454,104],"class_list":["post-31248","post","type-post","status-publish","format-standard","has-post-thumbnail","hentry","category-farhad-hafezi","category-scientific-article","tag-clinical-trial","tag-cornea","tag-corneal-infection","tag-corneal-ulcer","tag-criticism","tag-letter","tag-pack-cxl"],"acf":[],"yoast_head":"<!-- This site is optimized with the Yoast SEO plugin v27.4 - https:\/\/yoast.com\/product\/yoast-seo-wordpress\/ -->\n<title>Treating infectious keratitis with CXL: more UV energy is needed 5.4 J\/cm\u00b2!<\/title>\n<meta name=\"description\" content=\"Treating infectious keratitis with CXL is not like treating keratoconus with CXL. You need to deliver more energy than traditional KC CXL.\" \/>\n<meta name=\"robots\" content=\"index, follow, max-snippet:-1, max-image-preview:large, max-video-preview:-1\" \/>\n<link rel=\"canonical\" href=\"https:\/\/www.elza-institute.com\/pt\/behandlung-der-infektiosen-keratitis-mit-cxl\/\" \/>\n<meta property=\"og:locale\" content=\"pt_PT\" \/>\n<meta property=\"og:type\" content=\"article\" \/>\n<meta property=\"og:title\" content=\"Treating infectious keratitis with CXL: more UV energy is needed 5.4 J\/cm\u00b2!\" \/>\n<meta property=\"og:description\" content=\"Treating infectious keratitis with CXL is not like treating keratoconus with CXL. You need to deliver more energy than traditional KC CXL.\" \/>\n<meta property=\"og:url\" content=\"https:\/\/www.elza-institute.com\/pt\/behandlung-der-infektiosen-keratitis-mit-cxl\/\" \/>\n<meta property=\"og:site_name\" content=\"The ELZA Institute\" \/>\n<meta property=\"article:publisher\" content=\"https:\/\/www.facebook.com\/ELZA.Institute\/\" \/>\n<meta property=\"article:published_time\" content=\"2020-09-02T08:05:01+00:00\" \/>\n<meta property=\"article:modified_time\" content=\"2020-11-20T14:21:28+00:00\" \/>\n<meta property=\"og:image\" content=\"https:\/\/www.elza-institute.com\/wp-content\/uploads\/2020\/08\/Prajna-rebuttal-featured-image.jpg\" \/>\n\t<meta property=\"og:image:width\" content=\"1200\" \/>\n\t<meta property=\"og:image:height\" content=\"600\" \/>\n\t<meta property=\"og:image:type\" content=\"image\/jpeg\" \/>\n<meta name=\"author\" content=\"Mark Hillen\" \/>\n<meta name=\"twitter:label1\" content=\"Escrito por\" \/>\n\t<meta name=\"twitter:data1\" content=\"Mark Hillen\" \/>\n\t<meta name=\"twitter:label2\" content=\"Tempo estimado de leitura\" \/>\n\t<meta name=\"twitter:data2\" content=\"3 minutos\" \/>\n<script type=\"application\/ld+json\" class=\"yoast-schema-graph\">{\"@context\":\"https:\\\/\\\/schema.org\",\"@graph\":[{\"@type\":\"Article\",\"@id\":\"https:\\\/\\\/www.elza-institute.com\\\/de-ch\\\/behandlung-der-infektiosen-keratitis-mit-cxl\\\/#article\",\"isPartOf\":{\"@id\":\"https:\\\/\\\/www.elza-institute.com\\\/de-ch\\\/behandlung-der-infektiosen-keratitis-mit-cxl\\\/\"},\"author\":{\"name\":\"Mark Hillen\",\"@id\":\"https:\\\/\\\/www.elza-institute.com\\\/#\\\/schema\\\/person\\\/e3929262886a5a60dd6965a6bc721d15\"},\"headline\":\"Treating infectious keratitis with CXL is not like treating keratoconus with CXL\",\"datePublished\":\"2020-09-02T08:05:01+00:00\",\"dateModified\":\"2020-11-20T14:21:28+00:00\",\"mainEntityOfPage\":{\"@id\":\"https:\\\/\\\/www.elza-institute.com\\\/de-ch\\\/behandlung-der-infektiosen-keratitis-mit-cxl\\\/\"},\"wordCount\":700,\"publisher\":{\"@id\":\"https:\\\/\\\/www.elza-institute.com\\\/#organization\"},\"image\":{\"@id\":\"https:\\\/\\\/www.elza-institute.com\\\/de-ch\\\/behandlung-der-infektiosen-keratitis-mit-cxl\\\/#primaryimage\"},\"thumbnailUrl\":\"https:\\\/\\\/www.elza-institute.com\\\/wp-content\\\/uploads\\\/2020\\\/08\\\/Prajna-rebuttal-featured-image.jpg\",\"keywords\":[\"clinical trial\",\"Cornea\",\"Corneal infection\",\"Corneal ulcer\",\"criticism\",\"letter\",\"PACK-CXL\"],\"articleSection\":[\"Farhad Hafezi\",\"Scientific article\"],\"inLanguage\":\"pt-PT\"},{\"@type\":\"WebPage\",\"@id\":\"https:\\\/\\\/www.elza-institute.com\\\/de-ch\\\/behandlung-der-infektiosen-keratitis-mit-cxl\\\/\",\"url\":\"https:\\\/\\\/www.elza-institute.com\\\/de-ch\\\/behandlung-der-infektiosen-keratitis-mit-cxl\\\/\",\"name\":\"Treating infectious keratitis with CXL: more UV energy is needed 5.4 J\\\/cm\u00b2!\",\"isPartOf\":{\"@id\":\"https:\\\/\\\/www.elza-institute.com\\\/#website\"},\"primaryImageOfPage\":{\"@id\":\"https:\\\/\\\/www.elza-institute.com\\\/de-ch\\\/behandlung-der-infektiosen-keratitis-mit-cxl\\\/#primaryimage\"},\"image\":{\"@id\":\"https:\\\/\\\/www.elza-institute.com\\\/de-ch\\\/behandlung-der-infektiosen-keratitis-mit-cxl\\\/#primaryimage\"},\"thumbnailUrl\":\"https:\\\/\\\/www.elza-institute.com\\\/wp-content\\\/uploads\\\/2020\\\/08\\\/Prajna-rebuttal-featured-image.jpg\",\"datePublished\":\"2020-09-02T08:05:01+00:00\",\"dateModified\":\"2020-11-20T14:21:28+00:00\",\"description\":\"Treating infectious keratitis with CXL is not like treating keratoconus with CXL. You need to deliver more energy than traditional KC CXL.\",\"breadcrumb\":{\"@id\":\"https:\\\/\\\/www.elza-institute.com\\\/de-ch\\\/behandlung-der-infektiosen-keratitis-mit-cxl\\\/#breadcrumb\"},\"inLanguage\":\"pt-PT\",\"potentialAction\":[{\"@type\":\"ReadAction\",\"target\":[\"https:\\\/\\\/www.elza-institute.com\\\/de-ch\\\/behandlung-der-infektiosen-keratitis-mit-cxl\\\/\"]}]},{\"@type\":\"ImageObject\",\"inLanguage\":\"pt-PT\",\"@id\":\"https:\\\/\\\/www.elza-institute.com\\\/de-ch\\\/behandlung-der-infektiosen-keratitis-mit-cxl\\\/#primaryimage\",\"url\":\"https:\\\/\\\/www.elza-institute.com\\\/wp-content\\\/uploads\\\/2020\\\/08\\\/Prajna-rebuttal-featured-image.jpg\",\"contentUrl\":\"https:\\\/\\\/www.elza-institute.com\\\/wp-content\\\/uploads\\\/2020\\\/08\\\/Prajna-rebuttal-featured-image.jpg\",\"width\":1200,\"height\":600},{\"@type\":\"BreadcrumbList\",\"@id\":\"https:\\\/\\\/www.elza-institute.com\\\/de-ch\\\/behandlung-der-infektiosen-keratitis-mit-cxl\\\/#breadcrumb\",\"itemListElement\":[{\"@type\":\"ListItem\",\"position\":1,\"name\":\"Home\",\"item\":\"https:\\\/\\\/www.elza-institute.com\\\/\"},{\"@type\":\"ListItem\",\"position\":2,\"name\":\"Farhad Hafezi\",\"item\":\"https:\\\/\\\/www.elza-institute.com\\\/farhad-hafezi\\\/\"},{\"@type\":\"ListItem\",\"position\":3,\"name\":\"Treating infectious keratitis with CXL is not like treating keratoconus with CXL\"}]},{\"@type\":\"WebSite\",\"@id\":\"https:\\\/\\\/www.elza-institute.com\\\/#website\",\"url\":\"https:\\\/\\\/www.elza-institute.com\\\/\",\"name\":\"The ELZA Institute\",\"description\":\"Swiss EyeCare at its finest\",\"publisher\":{\"@id\":\"https:\\\/\\\/www.elza-institute.com\\\/#organization\"},\"potentialAction\":[{\"@type\":\"SearchAction\",\"target\":{\"@type\":\"EntryPoint\",\"urlTemplate\":\"https:\\\/\\\/www.elza-institute.com\\\/?s={search_term_string}\"},\"query-input\":{\"@type\":\"PropertyValueSpecification\",\"valueRequired\":true,\"valueName\":\"search_term_string\"}}],\"inLanguage\":\"pt-PT\"},{\"@type\":\"Organization\",\"@id\":\"https:\\\/\\\/www.elza-institute.com\\\/#organization\",\"name\":\"The ELZA Institute\",\"url\":\"https:\\\/\\\/www.elza-institute.com\\\/\",\"logo\":{\"@type\":\"ImageObject\",\"inLanguage\":\"pt-PT\",\"@id\":\"https:\\\/\\\/www.elza-institute.com\\\/#\\\/schema\\\/logo\\\/image\\\/\",\"url\":\"https:\\\/\\\/www.elza-institute.com\\\/wp-content\\\/uploads\\\/2016\\\/04\\\/ELZA-logo-V4.jpg\",\"contentUrl\":\"https:\\\/\\\/www.elza-institute.com\\\/wp-content\\\/uploads\\\/2016\\\/04\\\/ELZA-logo-V4.jpg\",\"width\":1181,\"height\":453,\"caption\":\"The ELZA Institute\"},\"image\":{\"@id\":\"https:\\\/\\\/www.elza-institute.com\\\/#\\\/schema\\\/logo\\\/image\\\/\"},\"sameAs\":[\"https:\\\/\\\/www.facebook.com\\\/ELZA.Institute\\\/\",\"https:\\\/\\\/x.com\\\/ELZA_Institute\",\"https:\\\/\\\/www.linkedin.com\\\/company\\\/elza-institute?trk=top_nav_home\"]},{\"@type\":\"Person\",\"@id\":\"https:\\\/\\\/www.elza-institute.com\\\/#\\\/schema\\\/person\\\/e3929262886a5a60dd6965a6bc721d15\",\"name\":\"Mark Hillen\",\"url\":\"https:\\\/\\\/www.elza-institute.com\\\/pt\\\/author\\\/markhillen\\\/\"}]}<\/script>\n<!-- \/ Yoast SEO plugin. -->","yoast_head_json":{"title":"Tratamento da queratite infecciosa com CXL: \u00e9 necess\u00e1ria mais energia UV 5,4 J\/cm\u00b2!","description":"O tratamento da queratite infecciosa com CXL n\u00e3o \u00e9 como o tratamento do queratocone com CXL. \u00c9 necess\u00e1rio fornecer mais energia do que o KC CXL tradicional.","robots":{"index":"index","follow":"follow","max-snippet":"max-snippet:-1","max-image-preview":"max-image-preview:large","max-video-preview":"max-video-preview:-1"},"canonical":"https:\/\/www.elza-institute.com\/pt\/behandlung-der-infektiosen-keratitis-mit-cxl\/","og_locale":"pt_PT","og_type":"article","og_title":"Treating infectious keratitis with CXL: more UV energy is needed 5.4 J\/cm\u00b2!","og_description":"Treating infectious keratitis with CXL is not like treating keratoconus with CXL. You need to deliver more energy than traditional KC CXL.","og_url":"https:\/\/www.elza-institute.com\/pt\/behandlung-der-infektiosen-keratitis-mit-cxl\/","og_site_name":"The ELZA Institute","article_publisher":"https:\/\/www.facebook.com\/ELZA.Institute\/","article_published_time":"2020-09-02T08:05:01+00:00","article_modified_time":"2020-11-20T14:21:28+00:00","og_image":[{"width":1200,"height":600,"url":"https:\/\/www.elza-institute.com\/wp-content\/uploads\/2020\/08\/Prajna-rebuttal-featured-image.jpg","type":"image\/jpeg"}],"author":"Mark Hillen","twitter_misc":{"Escrito por":"Mark Hillen","Tempo estimado de leitura":"3 minutos"},"schema":{"@context":"https:\/\/schema.org","@graph":[{"@type":"Article","@id":"https:\/\/www.elza-institute.com\/de-ch\/behandlung-der-infektiosen-keratitis-mit-cxl\/#article","isPartOf":{"@id":"https:\/\/www.elza-institute.com\/de-ch\/behandlung-der-infektiosen-keratitis-mit-cxl\/"},"author":{"name":"Mark Hillen","@id":"https:\/\/www.elza-institute.com\/#\/schema\/person\/e3929262886a5a60dd6965a6bc721d15"},"headline":"Treating infectious keratitis with CXL is not like treating keratoconus with CXL","datePublished":"2020-09-02T08:05:01+00:00","dateModified":"2020-11-20T14:21:28+00:00","mainEntityOfPage":{"@id":"https:\/\/www.elza-institute.com\/de-ch\/behandlung-der-infektiosen-keratitis-mit-cxl\/"},"wordCount":700,"publisher":{"@id":"https:\/\/www.elza-institute.com\/#organization"},"image":{"@id":"https:\/\/www.elza-institute.com\/de-ch\/behandlung-der-infektiosen-keratitis-mit-cxl\/#primaryimage"},"thumbnailUrl":"https:\/\/www.elza-institute.com\/wp-content\/uploads\/2020\/08\/Prajna-rebuttal-featured-image.jpg","keywords":["clinical trial","Cornea","Corneal infection","Corneal ulcer","criticism","letter","PACK-CXL"],"articleSection":["Farhad Hafezi","Scientific article"],"inLanguage":"pt-PT"},{"@type":"WebPage","@id":"https:\/\/www.elza-institute.com\/de-ch\/behandlung-der-infektiosen-keratitis-mit-cxl\/","url":"https:\/\/www.elza-institute.com\/de-ch\/behandlung-der-infektiosen-keratitis-mit-cxl\/","name":"Tratamento da queratite infecciosa com CXL: \u00e9 necess\u00e1ria mais energia UV 5,4 J\/cm\u00b2!","isPartOf":{"@id":"https:\/\/www.elza-institute.com\/#website"},"primaryImageOfPage":{"@id":"https:\/\/www.elza-institute.com\/de-ch\/behandlung-der-infektiosen-keratitis-mit-cxl\/#primaryimage"},"image":{"@id":"https:\/\/www.elza-institute.com\/de-ch\/behandlung-der-infektiosen-keratitis-mit-cxl\/#primaryimage"},"thumbnailUrl":"https:\/\/www.elza-institute.com\/wp-content\/uploads\/2020\/08\/Prajna-rebuttal-featured-image.jpg","datePublished":"2020-09-02T08:05:01+00:00","dateModified":"2020-11-20T14:21:28+00:00","description":"O tratamento da queratite infecciosa com CXL n\u00e3o \u00e9 como o tratamento do queratocone com CXL. \u00c9 necess\u00e1rio fornecer mais energia do que o KC CXL tradicional.","breadcrumb":{"@id":"https:\/\/www.elza-institute.com\/de-ch\/behandlung-der-infektiosen-keratitis-mit-cxl\/#breadcrumb"},"inLanguage":"pt-PT","potentialAction":[{"@type":"ReadAction","target":["https:\/\/www.elza-institute.com\/de-ch\/behandlung-der-infektiosen-keratitis-mit-cxl\/"]}]},{"@type":"ImageObject","inLanguage":"pt-PT","@id":"https:\/\/www.elza-institute.com\/de-ch\/behandlung-der-infektiosen-keratitis-mit-cxl\/#primaryimage","url":"https:\/\/www.elza-institute.com\/wp-content\/uploads\/2020\/08\/Prajna-rebuttal-featured-image.jpg","contentUrl":"https:\/\/www.elza-institute.com\/wp-content\/uploads\/2020\/08\/Prajna-rebuttal-featured-image.jpg","width":1200,"height":600},{"@type":"BreadcrumbList","@id":"https:\/\/www.elza-institute.com\/de-ch\/behandlung-der-infektiosen-keratitis-mit-cxl\/#breadcrumb","itemListElement":[{"@type":"ListItem","position":1,"name":"Home","item":"https:\/\/www.elza-institute.com\/"},{"@type":"ListItem","position":2,"name":"Farhad Hafezi","item":"https:\/\/www.elza-institute.com\/farhad-hafezi\/"},{"@type":"ListItem","position":3,"name":"Treating infectious keratitis with CXL is not like treating keratoconus with CXL"}]},{"@type":"WebSite","@id":"https:\/\/www.elza-institute.com\/#website","url":"https:\/\/www.elza-institute.com\/","name":"O Instituto ELZA","description":"Swiss EyeCare no seu melhor","publisher":{"@id":"https:\/\/www.elza-institute.com\/#organization"},"potentialAction":[{"@type":"SearchAction","target":{"@type":"EntryPoint","urlTemplate":"https:\/\/www.elza-institute.com\/?s={search_term_string}"},"query-input":{"@type":"PropertyValueSpecification","valueRequired":true,"valueName":"search_term_string"}}],"inLanguage":"pt-PT"},{"@type":"Organization","@id":"https:\/\/www.elza-institute.com\/#organization","name":"O Instituto ELZA","url":"https:\/\/www.elza-institute.com\/","logo":{"@type":"ImageObject","inLanguage":"pt-PT","@id":"https:\/\/www.elza-institute.com\/#\/schema\/logo\/image\/","url":"https:\/\/www.elza-institute.com\/wp-content\/uploads\/2016\/04\/ELZA-logo-V4.jpg","contentUrl":"https:\/\/www.elza-institute.com\/wp-content\/uploads\/2016\/04\/ELZA-logo-V4.jpg","width":1181,"height":453,"caption":"The ELZA Institute"},"image":{"@id":"https:\/\/www.elza-institute.com\/#\/schema\/logo\/image\/"},"sameAs":["https:\/\/www.facebook.com\/ELZA.Institute\/","https:\/\/x.com\/ELZA_Institute","https:\/\/www.linkedin.com\/company\/elza-institute?trk=top_nav_home"]},{"@type":"Person","@id":"https:\/\/www.elza-institute.com\/#\/schema\/person\/e3929262886a5a60dd6965a6bc721d15","name":"Mark Hillen","url":"https:\/\/www.elza-institute.com\/pt\/author\/markhillen\/"}]}},"_links":{"self":[{"href":"https:\/\/www.elza-institute.com\/pt\/wp-json\/wp\/v2\/posts\/31248","targetHints":{"allow":["GET"]}}],"collection":[{"href":"https:\/\/www.elza-institute.com\/pt\/wp-json\/wp\/v2\/posts"}],"about":[{"href":"https:\/\/www.elza-institute.com\/pt\/wp-json\/wp\/v2\/types\/post"}],"author":[{"embeddable":true,"href":"https:\/\/www.elza-institute.com\/pt\/wp-json\/wp\/v2\/users\/4"}],"replies":[{"embeddable":true,"href":"https:\/\/www.elza-institute.com\/pt\/wp-json\/wp\/v2\/comments?post=31248"}],"version-history":[{"count":0,"href":"https:\/\/www.elza-institute.com\/pt\/wp-json\/wp\/v2\/posts\/31248\/revisions"}],"wp:featuredmedia":[{"embeddable":true,"href":"https:\/\/www.elza-institute.com\/pt\/wp-json\/wp\/v2\/media\/31267"}],"wp:attachment":[{"href":"https:\/\/www.elza-institute.com\/pt\/wp-json\/wp\/v2\/media?parent=31248"}],"wp:term":[{"taxonomy":"category","embeddable":true,"href":"https:\/\/www.elza-institute.com\/pt\/wp-json\/wp\/v2\/categories?post=31248"},{"taxonomy":"post_tag","embeddable":true,"href":"https:\/\/www.elza-institute.com\/pt\/wp-json\/wp\/v2\/tags?post=31248"}],"curies":[{"name":"wp","href":"https:\/\/api.w.org\/{rel}","templated":true}]}}