{"id":31269,"date":"2020-08-29T09:34:22","date_gmt":"2020-08-29T09:34:22","guid":{"rendered":"https:\/\/www.elza-institute.com\/?p=31269"},"modified":"2020-11-20T14:23:58","modified_gmt":"2020-11-20T14:23:58","slug":"sbao-lectures-elza-keratoconus-medical-care-and-visual-rehabilitation","status":"publish","type":"post","link":"https:\/\/www.elza-institute.com\/pt\/sbao-lectures-elza-keratoconus-medical-care-and-visual-rehabilitation\/","title":{"rendered":"Palestras da SBAO no ELZA. Queratocone: cuidados m\u00e9dicos e reabilita\u00e7\u00e3o visual"},"content":{"rendered":"<p style=\"text-align: center;\"><a href=\"https:\/\/www.elza-institute.com\/wp-content\/uploads\/2020\/08\/WorkshopFlyer-September-2020-Januar-2021.pdf\"><strong>Palestras SBAO 2020<\/strong><\/a><a href=\"https:\/\/www.elza-institute.com\/wp-content\/uploads\/2020\/08\/WorkshopFlyer-September-2020-Januar-2021.pdf\"><img fetchpriority=\"high\" decoding=\"async\" class=\"aligncenter wp-image-31270 size-medium\" src=\"https:\/\/www.elza-institute.com\/wp-content\/uploads\/2020\/08\/Flyer-cover-image-297x300.png\" alt=\"\" width=\"297\" height=\"300\" srcset=\"https:\/\/www.elza-institute.com\/wp-content\/uploads\/2020\/08\/Flyer-cover-image-297x300.png 297w, https:\/\/www.elza-institute.com\/wp-content\/uploads\/2020\/08\/Flyer-cover-image.png 590w\" sizes=\"(max-width: 297px) 100vw, 297px\" \/><\/a><\/p>\n<p style=\"text-align: center;\"><a href=\"https:\/\/sbao.ch\/de\/fortbildung\/\"><strong>Palestras SBAO - pormenores<\/strong><\/a><\/p>\n<ul>\n<li class=\"p1\"><span class=\"s1\">Data: Segunda-feira, 28 de setembro de 2020<\/span><\/li>\n<li class=\"p1\"><span class=\"s1\">Hor\u00e1rio: 13h30 - 17h<\/span><\/li>\n<li class=\"p1\"><span class=\"s1\">Localiza\u00e7\u00e3o: Instituto ELZA AG, Webereistrasse 2, 8953 Dietikon<\/span><\/li>\n<li class=\"p1\"><span class=\"s1\">Conferencistas: Prof. Dr. Farhad Hafezi, L\u00e9onard Kollros<\/span><\/li>\n<li class=\"p1\"><span class=\"s1\">Requisito: <\/span><span class=\"s1\">Adequado para MSc. e BSc. Optometria e \u00f3tico qualificado.<\/span><\/li>\n<li class=\"p1\"><span class=\"s1\">Notas: Este workshop d\u00e1 2 pontos de cr\u00e9dito SBAO<\/span><\/li>\n<li class=\"p1\"><span class=\"s1\">Pre\u00e7os: Membros da SBAO empregados CHF 290,00; m<\/span><span class=\"s1\">membros de outras associa\u00e7\u00f5es CHF 340.00; n\u00e3o-membros CHF 390.00<\/span><\/li>\n<\/ul>\n<p class=\"p1\" style=\"text-align: center;\"><strong><span class=\"s1\"><br \/>\nPrazo de inscri\u00e7\u00e3o at\u00e9 4 de setembro de 2020*<\/span><\/strong><\/p>\n<p><span class=\"s1\">O ceratocone \u00e9 uma doen\u00e7a que deforma a c\u00f3rnea num cone e altera a sua biomec\u00e2nica. A preval\u00eancia do ceratocone \u00e9 maior em crian\u00e7as e adolescentes e diminui com a idade.<\/span><\/p>\n<p><span class=\"s1\">Uma vez deformada, a c\u00f3rnea n\u00e3o recupera a sua forma b\u00e1sica por si s\u00f3. \u00c9 por isso que \u00e9 importante efetuar um diagn\u00f3stico r\u00e1pido quando a doen\u00e7a \u00e9 mais progressiva. Atualmente, apenas o cross-linking (CXL) pode travar a doen\u00e7a. O CXL n\u00e3o melhora a vis\u00e3o. As lentes de contacto s\u00e3o a melhor op\u00e7\u00e3o para este efeito.<\/span><\/p>\n<p><span class=\"s1\">Neste workshop vamos mostrar-lhe a gest\u00e3o oftalmol\u00f3gica e optom\u00e9trica do ceratocone. Explicaremos quando o tratamento \u00e9 necess\u00e1rio e o que fazer para melhorar a acuidade visual.<\/span><\/p>\n<p>&nbsp;<\/p>\n<p><a href=\"https:\/\/www.elza-institute.com\/wp-content\/uploads\/2020\/08\/Leo-Kolros-and-Farhad-Hafezi2.jpg\"><img decoding=\"async\" class=\"aligncenter wp-image-31276 size-medium\" src=\"https:\/\/www.elza-institute.com\/wp-content\/uploads\/2020\/08\/Leo-Kolros-and-Farhad-Hafezi2-300x225.jpg\" alt=\"\" width=\"300\" height=\"225\" srcset=\"https:\/\/www.elza-institute.com\/wp-content\/uploads\/2020\/08\/Leo-Kolros-and-Farhad-Hafezi2-300x225.jpg 300w, https:\/\/www.elza-institute.com\/wp-content\/uploads\/2020\/08\/Leo-Kolros-and-Farhad-Hafezi2.jpg 577w\" sizes=\"(max-width: 300px) 100vw, 300px\" \/><\/a><\/p>\n<p>&nbsp;<\/p>","protected":false},"excerpt":{"rendered":"<p>Workshop para mostrar o tratamento oftalmol\u00f3gico e optom\u00e9trico do ceratocone. <\/p>","protected":false},"author":4,"featured_media":31905,"comment_status":"closed","ping_status":"closed","sticky":false,"template":"","format":"standard","meta":{"_acf_changed":false,"footnotes":""},"categories":[214,97],"tags":[125,455,123,456,457,376,458],"class_list":["post-31269","post","type-post","status-publish","format-standard","has-post-thumbnail","hentry","category-farhad-hafezi","category-podium-power","tag-cornea","tag-detection","tag-keratoconus","tag-ms-39","tag-pentacam","tag-sbao","tag-screening"],"acf":[],"yoast_head":"<!-- This site is optimized with the Yoast SEO plugin v27.4 - https:\/\/yoast.com\/product\/yoast-seo-wordpress\/ -->\n<title>SBAO Lectures @ ELZA. Keratoconus: medical care and visual rehabilitation<\/title>\n<meta name=\"description\" content=\"SBAO Lectures @ ELZA. Keratoconus: medical care and visual rehabilitation, 1.30pm - 5pm, Monday, September 28, 2020. at the ELZA Institute AG, Webereistrasse 2, 8953 Dietikon\" \/>\n<meta name=\"robots\" content=\"index, follow, max-snippet:-1, max-image-preview:large, max-video-preview:-1\" \/>\n<link rel=\"canonical\" href=\"https:\/\/www.elza-institute.com\/pt\/sbao-lectures-elza-keratoconus-medical-care-and-visual-rehabilitation\/\" \/>\n<meta property=\"og:locale\" content=\"pt_PT\" \/>\n<meta property=\"og:type\" content=\"article\" \/>\n<meta property=\"og:title\" content=\"SBAO Lectures @ ELZA. Keratoconus: medical care and visual rehabilitation\" \/>\n<meta property=\"og:description\" content=\"SBAO Lectures @ ELZA. Keratoconus: medical care and visual rehabilitation, 1.30pm - 5pm, Monday, September 28, 2020. at the ELZA Institute AG, Webereistrasse 2, 8953 Dietikon\" \/>\n<meta property=\"og:url\" content=\"https:\/\/www.elza-institute.com\/pt\/sbao-lectures-elza-keratoconus-medical-care-and-visual-rehabilitation\/\" \/>\n<meta property=\"og:site_name\" content=\"The ELZA Institute\" \/>\n<meta property=\"article:publisher\" content=\"https:\/\/www.facebook.com\/ELZA.Institute\/\" \/>\n<meta property=\"article:published_time\" content=\"2020-08-29T09:34:22+00:00\" \/>\n<meta property=\"article:modified_time\" content=\"2020-11-20T14:23:58+00:00\" \/>\n<meta property=\"og:image\" content=\"https:\/\/www.elza-institute.com\/wp-content\/uploads\/2020\/09\/sbao-ssoo-lectures-at-elza-september-2020.png\" \/>\n\t<meta property=\"og:image:width\" content=\"1200\" \/>\n\t<meta property=\"og:image:height\" content=\"600\" \/>\n\t<meta property=\"og:image:type\" content=\"image\/png\" \/>\n<meta name=\"author\" content=\"Mark Hillen\" \/>\n<meta name=\"twitter:label1\" content=\"Escrito por\" \/>\n\t<meta name=\"twitter:data1\" content=\"Mark Hillen\" \/>\n\t<meta name=\"twitter:label2\" content=\"Tempo estimado de leitura\" \/>\n\t<meta name=\"twitter:data2\" content=\"1 minuto\" \/>\n<script type=\"application\/ld+json\" class=\"yoast-schema-graph\">{\"@context\":\"https:\\\/\\\/schema.org\",\"@graph\":[{\"@type\":\"Article\",\"@id\":\"https:\\\/\\\/www.elza-institute.com\\\/sbao-lectures-elza-keratoconus-medical-care-and-visual-rehabilitation\\\/#article\",\"isPartOf\":{\"@id\":\"https:\\\/\\\/www.elza-institute.com\\\/sbao-lectures-elza-keratoconus-medical-care-and-visual-rehabilitation\\\/\"},\"author\":{\"name\":\"Mark Hillen\",\"@id\":\"https:\\\/\\\/www.elza-institute.com\\\/#\\\/schema\\\/person\\\/e3929262886a5a60dd6965a6bc721d15\"},\"headline\":\"SBAO Lectures @ ELZA. Keratoconus: medical care and visual rehabilitation\",\"datePublished\":\"2020-08-29T09:34:22+00:00\",\"dateModified\":\"2020-11-20T14:23:58+00:00\",\"mainEntityOfPage\":{\"@id\":\"https:\\\/\\\/www.elza-institute.com\\\/sbao-lectures-elza-keratoconus-medical-care-and-visual-rehabilitation\\\/\"},\"wordCount\":179,\"publisher\":{\"@id\":\"https:\\\/\\\/www.elza-institute.com\\\/#organization\"},\"image\":{\"@id\":\"https:\\\/\\\/www.elza-institute.com\\\/sbao-lectures-elza-keratoconus-medical-care-and-visual-rehabilitation\\\/#primaryimage\"},\"thumbnailUrl\":\"https:\\\/\\\/www.elza-institute.com\\\/wp-content\\\/uploads\\\/2020\\\/09\\\/sbao-ssoo-lectures-at-elza-september-2020.png\",\"keywords\":[\"Cornea\",\"detection\",\"Keratoconus\",\"MS-39\",\"PentaCam\",\"SBAO\",\"screening\"],\"articleSection\":[\"Farhad Hafezi\",\"Podium Power\"],\"inLanguage\":\"pt-PT\"},{\"@type\":\"WebPage\",\"@id\":\"https:\\\/\\\/www.elza-institute.com\\\/sbao-lectures-elza-keratoconus-medical-care-and-visual-rehabilitation\\\/\",\"url\":\"https:\\\/\\\/www.elza-institute.com\\\/sbao-lectures-elza-keratoconus-medical-care-and-visual-rehabilitation\\\/\",\"name\":\"SBAO Lectures @ ELZA. Keratoconus: medical care and visual rehabilitation\",\"isPartOf\":{\"@id\":\"https:\\\/\\\/www.elza-institute.com\\\/#website\"},\"primaryImageOfPage\":{\"@id\":\"https:\\\/\\\/www.elza-institute.com\\\/sbao-lectures-elza-keratoconus-medical-care-and-visual-rehabilitation\\\/#primaryimage\"},\"image\":{\"@id\":\"https:\\\/\\\/www.elza-institute.com\\\/sbao-lectures-elza-keratoconus-medical-care-and-visual-rehabilitation\\\/#primaryimage\"},\"thumbnailUrl\":\"https:\\\/\\\/www.elza-institute.com\\\/wp-content\\\/uploads\\\/2020\\\/09\\\/sbao-ssoo-lectures-at-elza-september-2020.png\",\"datePublished\":\"2020-08-29T09:34:22+00:00\",\"dateModified\":\"2020-11-20T14:23:58+00:00\",\"description\":\"SBAO Lectures @ ELZA. Keratoconus: medical care and visual rehabilitation, 1.30pm - 5pm, Monday, September 28, 2020. at the ELZA Institute AG, Webereistrasse 2, 8953 Dietikon\",\"breadcrumb\":{\"@id\":\"https:\\\/\\\/www.elza-institute.com\\\/sbao-lectures-elza-keratoconus-medical-care-and-visual-rehabilitation\\\/#breadcrumb\"},\"inLanguage\":\"pt-PT\",\"potentialAction\":[{\"@type\":\"ReadAction\",\"target\":[\"https:\\\/\\\/www.elza-institute.com\\\/sbao-lectures-elza-keratoconus-medical-care-and-visual-rehabilitation\\\/\"]}]},{\"@type\":\"ImageObject\",\"inLanguage\":\"pt-PT\",\"@id\":\"https:\\\/\\\/www.elza-institute.com\\\/sbao-lectures-elza-keratoconus-medical-care-and-visual-rehabilitation\\\/#primaryimage\",\"url\":\"https:\\\/\\\/www.elza-institute.com\\\/wp-content\\\/uploads\\\/2020\\\/09\\\/sbao-ssoo-lectures-at-elza-september-2020.png\",\"contentUrl\":\"https:\\\/\\\/www.elza-institute.com\\\/wp-content\\\/uploads\\\/2020\\\/09\\\/sbao-ssoo-lectures-at-elza-september-2020.png\",\"width\":1200,\"height\":600},{\"@type\":\"BreadcrumbList\",\"@id\":\"https:\\\/\\\/www.elza-institute.com\\\/sbao-lectures-elza-keratoconus-medical-care-and-visual-rehabilitation\\\/#breadcrumb\",\"itemListElement\":[{\"@type\":\"ListItem\",\"position\":1,\"name\":\"Home\",\"item\":\"https:\\\/\\\/www.elza-institute.com\\\/\"},{\"@type\":\"ListItem\",\"position\":2,\"name\":\"News\",\"item\":\"https:\\\/\\\/www.elza-institute.com\\\/general-news\\\/\"},{\"@type\":\"ListItem\",\"position\":3,\"name\":\"SBAO Lectures @ ELZA. Keratoconus: medical care and visual rehabilitation\"}]},{\"@type\":\"WebSite\",\"@id\":\"https:\\\/\\\/www.elza-institute.com\\\/#website\",\"url\":\"https:\\\/\\\/www.elza-institute.com\\\/\",\"name\":\"The ELZA Institute\",\"description\":\"Swiss EyeCare at its finest\",\"publisher\":{\"@id\":\"https:\\\/\\\/www.elza-institute.com\\\/#organization\"},\"potentialAction\":[{\"@type\":\"SearchAction\",\"target\":{\"@type\":\"EntryPoint\",\"urlTemplate\":\"https:\\\/\\\/www.elza-institute.com\\\/?s={search_term_string}\"},\"query-input\":{\"@type\":\"PropertyValueSpecification\",\"valueRequired\":true,\"valueName\":\"search_term_string\"}}],\"inLanguage\":\"pt-PT\"},{\"@type\":\"Organization\",\"@id\":\"https:\\\/\\\/www.elza-institute.com\\\/#organization\",\"name\":\"The ELZA Institute\",\"url\":\"https:\\\/\\\/www.elza-institute.com\\\/\",\"logo\":{\"@type\":\"ImageObject\",\"inLanguage\":\"pt-PT\",\"@id\":\"https:\\\/\\\/www.elza-institute.com\\\/#\\\/schema\\\/logo\\\/image\\\/\",\"url\":\"https:\\\/\\\/www.elza-institute.com\\\/wp-content\\\/uploads\\\/2016\\\/04\\\/ELZA-logo-V4.jpg\",\"contentUrl\":\"https:\\\/\\\/www.elza-institute.com\\\/wp-content\\\/uploads\\\/2016\\\/04\\\/ELZA-logo-V4.jpg\",\"width\":1181,\"height\":453,\"caption\":\"The ELZA Institute\"},\"image\":{\"@id\":\"https:\\\/\\\/www.elza-institute.com\\\/#\\\/schema\\\/logo\\\/image\\\/\"},\"sameAs\":[\"https:\\\/\\\/www.facebook.com\\\/ELZA.Institute\\\/\",\"https:\\\/\\\/x.com\\\/ELZA_Institute\",\"https:\\\/\\\/www.linkedin.com\\\/company\\\/elza-institute?trk=top_nav_home\"]},{\"@type\":\"Person\",\"@id\":\"https:\\\/\\\/www.elza-institute.com\\\/#\\\/schema\\\/person\\\/e3929262886a5a60dd6965a6bc721d15\",\"name\":\"Mark Hillen\",\"url\":\"https:\\\/\\\/www.elza-institute.com\\\/pt\\\/author\\\/markhillen\\\/\"}]}<\/script>\n<!-- \/ Yoast SEO plugin. -->","yoast_head_json":{"title":"Palestras da SBAO no ELZA. Queratocone: cuidados m\u00e9dicos e reabilita\u00e7\u00e3o visual","description":"SBAO Lectures @ ELZA. Queratocone: cuidados m\u00e9dicos e reabilita\u00e7\u00e3o visual, das 13h30 \u00e0s 17h, segunda-feira, 28 de setembro de 2020. no Instituto ELZA AG, Webereistrasse 2, 8953 Dietikon","robots":{"index":"index","follow":"follow","max-snippet":"max-snippet:-1","max-image-preview":"max-image-preview:large","max-video-preview":"max-video-preview:-1"},"canonical":"https:\/\/www.elza-institute.com\/pt\/sbao-lectures-elza-keratoconus-medical-care-and-visual-rehabilitation\/","og_locale":"pt_PT","og_type":"article","og_title":"SBAO Lectures @ ELZA. Keratoconus: medical care and visual rehabilitation","og_description":"SBAO Lectures @ ELZA. Keratoconus: medical care and visual rehabilitation, 1.30pm - 5pm, Monday, September 28, 2020. at the ELZA Institute AG, Webereistrasse 2, 8953 Dietikon","og_url":"https:\/\/www.elza-institute.com\/pt\/sbao-lectures-elza-keratoconus-medical-care-and-visual-rehabilitation\/","og_site_name":"The ELZA Institute","article_publisher":"https:\/\/www.facebook.com\/ELZA.Institute\/","article_published_time":"2020-08-29T09:34:22+00:00","article_modified_time":"2020-11-20T14:23:58+00:00","og_image":[{"width":1200,"height":600,"url":"https:\/\/www.elza-institute.com\/wp-content\/uploads\/2020\/09\/sbao-ssoo-lectures-at-elza-september-2020.png","type":"image\/png"}],"author":"Mark Hillen","twitter_misc":{"Escrito por":"Mark Hillen","Tempo estimado de leitura":"1 minuto"},"schema":{"@context":"https:\/\/schema.org","@graph":[{"@type":"Article","@id":"https:\/\/www.elza-institute.com\/sbao-lectures-elza-keratoconus-medical-care-and-visual-rehabilitation\/#article","isPartOf":{"@id":"https:\/\/www.elza-institute.com\/sbao-lectures-elza-keratoconus-medical-care-and-visual-rehabilitation\/"},"author":{"name":"Mark Hillen","@id":"https:\/\/www.elza-institute.com\/#\/schema\/person\/e3929262886a5a60dd6965a6bc721d15"},"headline":"SBAO Lectures @ ELZA. Keratoconus: medical care and visual rehabilitation","datePublished":"2020-08-29T09:34:22+00:00","dateModified":"2020-11-20T14:23:58+00:00","mainEntityOfPage":{"@id":"https:\/\/www.elza-institute.com\/sbao-lectures-elza-keratoconus-medical-care-and-visual-rehabilitation\/"},"wordCount":179,"publisher":{"@id":"https:\/\/www.elza-institute.com\/#organization"},"image":{"@id":"https:\/\/www.elza-institute.com\/sbao-lectures-elza-keratoconus-medical-care-and-visual-rehabilitation\/#primaryimage"},"thumbnailUrl":"https:\/\/www.elza-institute.com\/wp-content\/uploads\/2020\/09\/sbao-ssoo-lectures-at-elza-september-2020.png","keywords":["Cornea","detection","Keratoconus","MS-39","PentaCam","SBAO","screening"],"articleSection":["Farhad Hafezi","Podium Power"],"inLanguage":"pt-PT"},{"@type":"WebPage","@id":"https:\/\/www.elza-institute.com\/sbao-lectures-elza-keratoconus-medical-care-and-visual-rehabilitation\/","url":"https:\/\/www.elza-institute.com\/sbao-lectures-elza-keratoconus-medical-care-and-visual-rehabilitation\/","name":"Palestras da SBAO no ELZA. Queratocone: cuidados m\u00e9dicos e reabilita\u00e7\u00e3o visual","isPartOf":{"@id":"https:\/\/www.elza-institute.com\/#website"},"primaryImageOfPage":{"@id":"https:\/\/www.elza-institute.com\/sbao-lectures-elza-keratoconus-medical-care-and-visual-rehabilitation\/#primaryimage"},"image":{"@id":"https:\/\/www.elza-institute.com\/sbao-lectures-elza-keratoconus-medical-care-and-visual-rehabilitation\/#primaryimage"},"thumbnailUrl":"https:\/\/www.elza-institute.com\/wp-content\/uploads\/2020\/09\/sbao-ssoo-lectures-at-elza-september-2020.png","datePublished":"2020-08-29T09:34:22+00:00","dateModified":"2020-11-20T14:23:58+00:00","description":"SBAO Lectures @ ELZA. Queratocone: cuidados m\u00e9dicos e reabilita\u00e7\u00e3o visual, das 13h30 \u00e0s 17h, segunda-feira, 28 de setembro de 2020. no Instituto ELZA AG, Webereistrasse 2, 8953 Dietikon","breadcrumb":{"@id":"https:\/\/www.elza-institute.com\/sbao-lectures-elza-keratoconus-medical-care-and-visual-rehabilitation\/#breadcrumb"},"inLanguage":"pt-PT","potentialAction":[{"@type":"ReadAction","target":["https:\/\/www.elza-institute.com\/sbao-lectures-elza-keratoconus-medical-care-and-visual-rehabilitation\/"]}]},{"@type":"ImageObject","inLanguage":"pt-PT","@id":"https:\/\/www.elza-institute.com\/sbao-lectures-elza-keratoconus-medical-care-and-visual-rehabilitation\/#primaryimage","url":"https:\/\/www.elza-institute.com\/wp-content\/uploads\/2020\/09\/sbao-ssoo-lectures-at-elza-september-2020.png","contentUrl":"https:\/\/www.elza-institute.com\/wp-content\/uploads\/2020\/09\/sbao-ssoo-lectures-at-elza-september-2020.png","width":1200,"height":600},{"@type":"BreadcrumbList","@id":"https:\/\/www.elza-institute.com\/sbao-lectures-elza-keratoconus-medical-care-and-visual-rehabilitation\/#breadcrumb","itemListElement":[{"@type":"ListItem","position":1,"name":"Home","item":"https:\/\/www.elza-institute.com\/"},{"@type":"ListItem","position":2,"name":"News","item":"https:\/\/www.elza-institute.com\/general-news\/"},{"@type":"ListItem","position":3,"name":"SBAO Lectures @ ELZA. Keratoconus: medical care and visual rehabilitation"}]},{"@type":"WebSite","@id":"https:\/\/www.elza-institute.com\/#website","url":"https:\/\/www.elza-institute.com\/","name":"O Instituto ELZA","description":"Swiss EyeCare no seu melhor","publisher":{"@id":"https:\/\/www.elza-institute.com\/#organization"},"potentialAction":[{"@type":"SearchAction","target":{"@type":"EntryPoint","urlTemplate":"https:\/\/www.elza-institute.com\/?s={search_term_string}"},"query-input":{"@type":"PropertyValueSpecification","valueRequired":true,"valueName":"search_term_string"}}],"inLanguage":"pt-PT"},{"@type":"Organization","@id":"https:\/\/www.elza-institute.com\/#organization","name":"O Instituto ELZA","url":"https:\/\/www.elza-institute.com\/","logo":{"@type":"ImageObject","inLanguage":"pt-PT","@id":"https:\/\/www.elza-institute.com\/#\/schema\/logo\/image\/","url":"https:\/\/www.elza-institute.com\/wp-content\/uploads\/2016\/04\/ELZA-logo-V4.jpg","contentUrl":"https:\/\/www.elza-institute.com\/wp-content\/uploads\/2016\/04\/ELZA-logo-V4.jpg","width":1181,"height":453,"caption":"The ELZA Institute"},"image":{"@id":"https:\/\/www.elza-institute.com\/#\/schema\/logo\/image\/"},"sameAs":["https:\/\/www.facebook.com\/ELZA.Institute\/","https:\/\/x.com\/ELZA_Institute","https:\/\/www.linkedin.com\/company\/elza-institute?trk=top_nav_home"]},{"@type":"Person","@id":"https:\/\/www.elza-institute.com\/#\/schema\/person\/e3929262886a5a60dd6965a6bc721d15","name":"Mark Hillen","url":"https:\/\/www.elza-institute.com\/pt\/author\/markhillen\/"}]}},"_links":{"self":[{"href":"https:\/\/www.elza-institute.com\/pt\/wp-json\/wp\/v2\/posts\/31269","targetHints":{"allow":["GET"]}}],"collection":[{"href":"https:\/\/www.elza-institute.com\/pt\/wp-json\/wp\/v2\/posts"}],"about":[{"href":"https:\/\/www.elza-institute.com\/pt\/wp-json\/wp\/v2\/types\/post"}],"author":[{"embeddable":true,"href":"https:\/\/www.elza-institute.com\/pt\/wp-json\/wp\/v2\/users\/4"}],"replies":[{"embeddable":true,"href":"https:\/\/www.elza-institute.com\/pt\/wp-json\/wp\/v2\/comments?post=31269"}],"version-history":[{"count":0,"href":"https:\/\/www.elza-institute.com\/pt\/wp-json\/wp\/v2\/posts\/31269\/revisions"}],"wp:featuredmedia":[{"embeddable":true,"href":"https:\/\/www.elza-institute.com\/pt\/wp-json\/wp\/v2\/media\/31905"}],"wp:attachment":[{"href":"https:\/\/www.elza-institute.com\/pt\/wp-json\/wp\/v2\/media?parent=31269"}],"wp:term":[{"taxonomy":"category","embeddable":true,"href":"https:\/\/www.elza-institute.com\/pt\/wp-json\/wp\/v2\/categories?post=31269"},{"taxonomy":"post_tag","embeddable":true,"href":"https:\/\/www.elza-institute.com\/pt\/wp-json\/wp\/v2\/tags?post=31269"}],"curies":[{"name":"wp","href":"https:\/\/api.w.org\/{rel}","templated":true}]}}