{"id":41284,"date":"2023-10-02T12:01:12","date_gmt":"2023-10-02T12:01:12","guid":{"rendered":"https:\/\/www.elza-institute.com\/?p=41284"},"modified":"2024-07-15T09:16:57","modified_gmt":"2024-07-15T09:16:57","slug":"total-corneal-wavefront-analysis-excimer-laser-surgery","status":"publish","type":"post","link":"https:\/\/www.elza-institute.com\/pt\/total-corneal-wavefront-analysis-excimer-laser-surgery\/","title":{"rendered":"Otimiza\u00e7\u00e3o da cirurgia terap\u00eautica com Excimer Laser com an\u00e1lise total da frente de onda da c\u00f3rnea"},"content":{"rendered":"<div data-elementor-type=\"wp-post\" data-elementor-id=\"41284\" class=\"elementor elementor-41284\" data-elementor-post-type=\"post\">\n\t\t\t\t<div class=\"elementor-element elementor-element-140a7bf7 e-flex e-con-boxed e-con e-parent\" data-id=\"140a7bf7\" data-element_type=\"container\" data-e-type=\"container\">\n\t\t\t\t\t<div class=\"e-con-inner\">\n\t\t\t\t<div class=\"elementor-element elementor-element-11202994 elementor-widget elementor-widget-text-editor\" data-id=\"11202994\" data-element_type=\"widget\" data-e-type=\"widget\" data-widget_type=\"text-editor.default\">\n\t\t\t\t<div class=\"elementor-widget-container\">\n\t\t\t\t\t\t\t\t\t<p>A cirurgia refractiva a laser com o excimer laser revolucionou o campo da corre\u00e7\u00e3o da vis\u00e3o. Embora muitos destes procedimentos se tenham centrado em resultados cosm\u00e9ticos, permitindo que os doentes fiquem sem \u00f3culos, a cirurgia refractiva com excimer laser tamb\u00e9m oferece benef\u00edcios terap\u00eauticos substanciais para indiv\u00edduos com irregularidades da c\u00f3rnea. Este artigo aprofunda o conceito de an\u00e1lise total da frente de onda da c\u00f3rnea e o seu papel fundamental na melhoria dos resultados terap\u00eauticos da cirurgia refractiva com excimer laser, particularmente para os doentes com c\u00f3rneas irregulares.<\/p>\n<h3><strong>Perspetiva hist\u00f3rica<\/strong><\/h3>\n<p>Tradicionalmente, a nossa abordagem \u00e0 an\u00e1lise da frente de onda da c\u00f3rnea baseava-se em dados de frente de onda da c\u00f3rnea baseados em topografia obtidos a partir de instrumentos como os sistemas Scheimpflug e Placido, que combinam tecnologias para obter imagens da superf\u00edcie da c\u00f3rnea. Al\u00e9m disso, realiz\u00e1mos uma an\u00e1lise da frente de onda ocular total com um sistema de imagem piramidal, avaliando a frente de onda de todo o olho. Ambas as abordagens desempenharam um papel importante no planeamento das cirurgias refractivas (Figura 1). No entanto, esses m\u00e9todos concentraram-se principalmente em dados da c\u00f3rnea anterior ou abrangeram todo o olho, deixando espa\u00e7o para melhorias adicionais.<\/p>\n<h3><strong>An\u00e1lise da frente de onda total da c\u00f3rnea<\/strong><\/h3>\n<p>A introdu\u00e7\u00e3o da an\u00e1lise da frente de onda total da c\u00f3rnea significa um salto substancial na nossa capacidade de avaliar e planear cirurgias refractivas terap\u00eauticas com excimer laser. Esta abordagem inovadora, poss\u00edvel gra\u00e7as \u00e0 integra\u00e7\u00e3o de v\u00e1rias tecnologias, permite a avalia\u00e7\u00e3o exaustiva de toda a c\u00f3rnea, incluindo as superf\u00edcies anterior e posterior. Combina a topografia corneana de disco Placido e a tomografia do segmento anterior baseada em OCT de alta resolu\u00e7\u00e3o (sistema MS-39) para fornecer uma an\u00e1lise completa da frente de onda corneana total (Figura 1).<\/p>\n<p><\/p>\t\t\t\t\t\t\t\t<\/div>\n\t\t\t\t<\/div>\n\t\t\t\t<div class=\"elementor-element elementor-element-b1f334e elementor-widget elementor-widget-image\" data-id=\"b1f334e\" data-element_type=\"widget\" data-e-type=\"widget\" data-widget_type=\"image.default\">\n\t\t\t\t<div class=\"elementor-widget-container\">\n\t\t\t\t\t\t\t\t\t\t\t\t<figure class=\"wp-caption\">\n\t\t\t\t\t\t\t\t\t\t<img fetchpriority=\"high\" decoding=\"async\" width=\"800\" height=\"518\" src=\"https:\/\/www.elza-institute.com\/wp-content\/uploads\/2023\/10\/Figure-1-Full-Customization-Total-Corneal-Wavefront-Analysis-1024x663.jpg\" class=\"attachment-large size-large wp-image-41300\" alt=\"Texto alternativo: Sistema de An\u00e1lise da Frente de Onda Total da C\u00f3rnea - Uma ilustra\u00e7\u00e3o do sistema avan\u00e7ado utilizado para analisar a frente de onda total da c\u00f3rnea, combinando a topografia corneana de disco de Pl\u00e1cido e a tomografia do segmento anterior baseada em OCT de alta resolu\u00e7\u00e3o.\" srcset=\"https:\/\/www.elza-institute.com\/wp-content\/uploads\/2023\/10\/Figure-1-Full-Customization-Total-Corneal-Wavefront-Analysis-1024x663.jpg 1024w, https:\/\/www.elza-institute.com\/wp-content\/uploads\/2023\/10\/Figure-1-Full-Customization-Total-Corneal-Wavefront-Analysis-300x194.jpg 300w, https:\/\/www.elza-institute.com\/wp-content\/uploads\/2023\/10\/Figure-1-Full-Customization-Total-Corneal-Wavefront-Analysis-768x497.jpg 768w, https:\/\/www.elza-institute.com\/wp-content\/uploads\/2023\/10\/Figure-1-Full-Customization-Total-Corneal-Wavefront-Analysis-18x12.jpg 18w, https:\/\/www.elza-institute.com\/wp-content\/uploads\/2023\/10\/Figure-1-Full-Customization-Total-Corneal-Wavefront-Analysis.jpg 1080w\" sizes=\"(max-width: 800px) 100vw, 800px\" \/>\t\t\t\t\t\t\t\t\t\t\t<figcaption class=\"widget-image-caption wp-caption-text\">Figura 1: Sistema de An\u00e1lise de Frente de Onda Total da C\u00f3rnea<\/figcaption>\n\t\t\t\t\t\t\t\t\t\t<\/figure>\n\t\t\t\t\t\t\t\t\t<\/div>\n\t\t\t\t<\/div>\n\t\t\t\t<div class=\"elementor-element elementor-element-2567aad elementor-widget elementor-widget-text-editor\" data-id=\"2567aad\" data-element_type=\"widget\" data-e-type=\"widget\" data-widget_type=\"text-editor.default\">\n\t\t\t\t<div class=\"elementor-widget-container\">\n\t\t\t\t\t\t\t\t\t<h3 style=\"font-family: Gotham, Roboto;\"><span style=\"font-weight: bolder;\">A import\u00e2ncia da superf\u00edcie posterior da c\u00f3rnea<\/span><\/h3><p>Um aspeto cr\u00edtico da an\u00e1lise da frente de onda total da c\u00f3rnea \u00e9 a considera\u00e7\u00e3o da superf\u00edcie posterior da c\u00f3rnea. Este componente \u00e9 frequentemente ignorado na an\u00e1lise tradicional da frente de onda, mas o seu impacto na qualidade \u00f3tica global do olho pode ser profundo. A superf\u00edcie posterior da c\u00f3rnea, em conjunto com a lente e outros factores internos, contribui significativamente para as aberra\u00e7\u00f5es de ordem superior (Figura 2). Ao ter em conta estas aberra\u00e7\u00f5es da c\u00f3rnea posterior, podemos obter perfis de abla\u00e7\u00e3o mais precisos e adaptados em muitos casos.<\/p><p>\u00a0<\/p>\t\t\t\t\t\t\t\t<\/div>\n\t\t\t\t<\/div>\n\t\t\t\t<div class=\"elementor-element elementor-element-8a5712d elementor-widget elementor-widget-image\" data-id=\"8a5712d\" data-element_type=\"widget\" data-e-type=\"widget\" data-widget_type=\"image.default\">\n\t\t\t\t<div class=\"elementor-widget-container\">\n\t\t\t\t\t\t\t\t\t\t\t\t<figure class=\"wp-caption\">\n\t\t\t\t\t\t\t\t\t\t<img decoding=\"async\" width=\"800\" height=\"508\" src=\"https:\/\/www.elza-institute.com\/wp-content\/uploads\/2023\/10\/Figure-2-Anterior-Posterior-Full-Customization-Total-Corneal-Wavefront-Analysis-1024x650.jpg\" class=\"attachment-large size-large wp-image-41301\" alt=\"Texto alternativo: Impacto da superf\u00edcie posterior da c\u00f3rnea - Representa\u00e7\u00e3o visual que mostra como a superf\u00edcie posterior da c\u00f3rnea, em conjunto com outros factores internos, contribui para as aberra\u00e7\u00f5es de alta ordem no sistema \u00f3tico do olho&amp;#039\" srcset=\"https:\/\/www.elza-institute.com\/wp-content\/uploads\/2023\/10\/Figure-2-Anterior-Posterior-Full-Customization-Total-Corneal-Wavefront-Analysis-1024x650.jpg 1024w, https:\/\/www.elza-institute.com\/wp-content\/uploads\/2023\/10\/Figure-2-Anterior-Posterior-Full-Customization-Total-Corneal-Wavefront-Analysis-300x190.jpg 300w, https:\/\/www.elza-institute.com\/wp-content\/uploads\/2023\/10\/Figure-2-Anterior-Posterior-Full-Customization-Total-Corneal-Wavefront-Analysis-768x488.jpg 768w, https:\/\/www.elza-institute.com\/wp-content\/uploads\/2023\/10\/Figure-2-Anterior-Posterior-Full-Customization-Total-Corneal-Wavefront-Analysis-1536x975.jpg 1536w, https:\/\/www.elza-institute.com\/wp-content\/uploads\/2023\/10\/Figure-2-Anterior-Posterior-Full-Customization-Total-Corneal-Wavefront-Analysis-18x12.jpg 18w, https:\/\/www.elza-institute.com\/wp-content\/uploads\/2023\/10\/Figure-2-Anterior-Posterior-Full-Customization-Total-Corneal-Wavefront-Analysis.jpg 1890w\" sizes=\"(max-width: 800px) 100vw, 800px\" \/>\t\t\t\t\t\t\t\t\t\t\t<figcaption class=\"widget-image-caption wp-caption-text\">Figura 2. Impacto da superf\u00edcie posterior da c\u00f3rnea nas aberra\u00e7\u00f5es de alta ordem<\/figcaption>\n\t\t\t\t\t\t\t\t\t\t<\/figure>\n\t\t\t\t\t\t\t\t\t<\/div>\n\t\t\t\t<\/div>\n\t\t\t\t<div class=\"elementor-element elementor-element-bf5fb63 elementor-widget elementor-widget-text-editor\" data-id=\"bf5fb63\" data-element_type=\"widget\" data-e-type=\"widget\" data-widget_type=\"text-editor.default\">\n\t\t\t\t<div class=\"elementor-widget-container\">\n\t\t\t\t\t\t\t\t\t<h3 style=\"font-family: Gotham, Roboto;\"><span style=\"background-color: initial; font-weight: bolder; letter-spacing: 0.3px; text-align: var(--text-align);\">Aplica\u00e7\u00f5es cl\u00ednicas<\/span><\/h3><p>A an\u00e1lise da frente de onda da c\u00f3rnea total revela-se particularmente valiosa em casos que envolvem c\u00f3rneas irregulares, como as que apresentam ceratocone ou irregularidades p\u00f3s-cir\u00fargicas. Para estes doentes, o objetivo principal \u00e9 terap\u00eautico, com o objetivo de melhorar a fun\u00e7\u00e3o visual e aliviar as perturba\u00e7\u00f5es da c\u00f3rnea. A minimiza\u00e7\u00e3o dos perfis de abla\u00e7\u00e3o \u00e9 uma prioridade para evitar a exacerba\u00e7\u00e3o da inflama\u00e7\u00e3o e do potencial nevoeiro. A an\u00e1lise total da frente de onda da c\u00f3rnea fornece os dados necess\u00e1rios para afinar a abla\u00e7\u00e3o, abordando as aberra\u00e7\u00f5es de ordem alta e baixa antes ou depois da cirurgia com excimer laser.<\/p><h3 style=\"font-family: Gotham, Roboto;\"><span style=\"font-weight: bolder;\">Terapias combinadas<\/span><\/h3><p>A integra\u00e7\u00e3o da an\u00e1lise da frente de onda total da c\u00f3rnea com esta abordagem oferece uma solu\u00e7\u00e3o terap\u00eautica abrangente para as irregularidades. No entanto, nalguns casos, a cirurgia com excimer laser por si s\u00f3 pode n\u00e3o ser suficiente para as c\u00f3rneas irregulares. <a href=\"https:\/\/www.elza-institute.com\/pt\/customized-crosslinking\/\">Reticula\u00e7\u00e3o PACE (PTK-Assisted Customized Epi-on)<\/a>que achata a c\u00f3rnea sem remo\u00e7\u00e3o de tecido, pode ser um excelente tratamento adjuvante. Os implantes de segmentos de anel intra-estromal alog\u00e9nico da c\u00f3rnea assistidos por femto-segundo (femto-CAIRS) s\u00e3o tamb\u00e9m uma op\u00e7\u00e3o promissora como tratamento adjuvante nestes casos.<\/p><h3 style=\"font-family: Gotham, Roboto;\"><span style=\"font-weight: bolder;\">Conclus\u00e3o<\/span><\/h3><p>A an\u00e1lise total da frente de onda da c\u00f3rnea, facilitada pelo sistema MS-39, representa um avan\u00e7o significativo na cirurgia refractiva terap\u00eautica com excimer laser. Permite uma avalia\u00e7\u00e3o e planeamento abrangentes, particularmente em casos de c\u00f3rneas irregulares. Ao considerar as superf\u00edcies anterior e posterior da c\u00f3rnea, podemos adaptar os perfis de abla\u00e7\u00e3o para otimizar os resultados terap\u00eauticos, minimizando a remo\u00e7\u00e3o de tecido. Esta abordagem expande as nossas op\u00e7\u00f5es para a cirurgia terap\u00eautica com excimer, enfatizando a import\u00e2ncia de melhorar tanto a acuidade visual como a qualidade da vis\u00e3o em pacientes com c\u00f3rneas irregulares.<\/p><p>\u00a0<\/p>\t\t\t\t\t\t\t\t<\/div>\n\t\t\t\t<\/div>\n\t\t\t\t\t<\/div>\n\t\t\t\t<\/div>\n\t\t<div class=\"elementor-element elementor-element-7a26e35 e-flex e-con-boxed e-con e-parent\" data-id=\"7a26e35\" data-element_type=\"container\" data-e-type=\"container\">\n\t\t\t\t\t<div class=\"e-con-inner\">\n\t\t<div class=\"elementor-element elementor-element-974f8a2 e-con-full e-flex e-con e-child\" data-id=\"974f8a2\" data-element_type=\"container\" data-e-type=\"container\">\n\t\t\t\t<div class=\"elementor-element elementor-element-c5044a7 elementor-widget elementor-widget-image\" data-id=\"c5044a7\" data-element_type=\"widget\" data-e-type=\"widget\" data-widget_type=\"image.default\">\n\t\t\t\t<div class=\"elementor-widget-container\">\n\t\t\t\t\t\t\t\t\t\t\t\t\t\t\t<img decoding=\"async\" width=\"474\" height=\"237\" src=\"https:\/\/www.elza-institute.com\/wp-content\/uploads\/2023\/09\/healioemilio.svg\" class=\"attachment-large size-large wp-image-41287\" alt=\"\" \/>\t\t\t\t\t\t\t\t\t\t\t\t\t\t\t<\/div>\n\t\t\t\t<\/div>\n\t\t\t\t<\/div>\n\t\t<div class=\"elementor-element elementor-element-f1eb443 e-con-full e-flex e-con e-child\" data-id=\"f1eb443\" data-element_type=\"container\" data-e-type=\"container\">\n\t\t\t\t<div class=\"elementor-element elementor-element-aad2ddd elementor-widget elementor-widget-text-editor\" data-id=\"aad2ddd\" data-element_type=\"widget\" data-e-type=\"widget\" data-widget_type=\"text-editor.default\">\n\t\t\t\t<div class=\"elementor-widget-container\">\n\t\t\t\t\t\t\t\t\t<p>Pode ler a cobertura da palestra sobre este tema pelo cirurgi\u00e3o de c\u00f3rnea da ELZA,\u00a0<a href=\"https:\/\/www.elza-institute.com\/pt\/sobre\/emilio-torres\/\">Dr. Dr. Emilio Torres-Netto<\/a>MD, PhD, FWCRS,\u00a0<a href=\"https:\/\/www.healio.com\/news\/ophthalmology\/20230926\/therapeutic-prk-based-on-total-corneal-wavefront-improves-vision-in-irregular-corneas\">aqui<\/a>.<\/p>\t\t\t\t\t\t\t\t<\/div>\n\t\t\t\t<\/div>\n\t\t\t\t<\/div>\n\t\t\t\t\t<\/div>\n\t\t\t\t<\/div>\n\t\t\t\t<\/div>","protected":false},"excerpt":{"rendered":"<p>A an\u00e1lise total da frente de onda da c\u00f3rnea, facilitada pelo sistema MS39, representa um avan\u00e7o significativo na cirurgia refractiva terap\u00eautica com excimer laser.<\/p>","protected":false},"author":4,"featured_media":41291,"comment_status":"closed","ping_status":"closed","sticky":false,"template":"","format":"standard","meta":{"_acf_changed":false,"footnotes":""},"categories":[243,1,96],"tags":[699,694,700,693,703,683,702,698,701,696,283,624,537,695,697],"class_list":["post-41284","post","type-post","status-publish","format-standard","has-post-thumbnail","hentry","category-emilio-torres","category-general-news","category-popular-press","tag-clinical-cases","tag-corneal-wavefront-analysis","tag-dr-emilio-torres-netto","tag-excimer-laser-surgery","tag-eye-care","tag-eye-health","tag-high-order-aberrations","tag-irregular-corneas","tag-laser-refractive-procedures","tag-medical-technology","tag-ophthalmology","tag-pace","tag-refractive-surgery","tag-total-corneal-analysis","tag-visual-correction"],"acf":[],"yoast_head":"<!-- This site is optimized with the Yoast SEO plugin v27.4 - https:\/\/yoast.com\/product\/yoast-seo-wordpress\/ -->\n<title>Total Corneal Wavefront Analysis in Excimer Laser Surgery<\/title>\n<meta name=\"description\" content=\"&quot;Elevating Excimer Surgery: Total Corneal Wavefront Analysis&#039;s Crucial Role in Precision and Outcomes&quot; with ELZA&#039;s Dr. Emilio Torres-Netto.\" \/>\n<meta name=\"robots\" content=\"index, follow, max-snippet:-1, max-image-preview:large, max-video-preview:-1\" \/>\n<link rel=\"canonical\" href=\"https:\/\/www.elza-institute.com\/pt\/total-corneal-wavefront-analysis-excimer-laser-surgery\/\" \/>\n<meta property=\"og:locale\" content=\"pt_PT\" \/>\n<meta property=\"og:type\" content=\"article\" \/>\n<meta property=\"og:title\" content=\"How total corneal wavefront analysis is changing the game in laser surgery\" \/>\n<meta property=\"og:description\" content=\"Discover how total corneal wavefront analysis is transforming the world of excimer laser surgery. Learn about its significance in improving therapeutic outcomes for patients with irregular corneas. Explore real clinical cases and advancements in technology with ELZA&#039;s corneal surgeon, Dr. Emilio Torres-Netto, MD, PhD, FWCRS.\" \/>\n<meta property=\"og:url\" content=\"https:\/\/www.elza-institute.com\/pt\/total-corneal-wavefront-analysis-excimer-laser-surgery\/\" \/>\n<meta property=\"og:site_name\" content=\"The ELZA Institute\" \/>\n<meta property=\"article:publisher\" content=\"https:\/\/www.facebook.com\/ELZA.Institute\/\" \/>\n<meta property=\"article:published_time\" content=\"2023-10-02T12:01:12+00:00\" \/>\n<meta property=\"article:modified_time\" content=\"2024-07-15T09:16:57+00:00\" \/>\n<meta property=\"og:image\" content=\"https:\/\/www.elza-institute.com\/wp-content\/uploads\/2023\/09\/TotalCornealWavefrontArticleFeaturedImage.jpg\" \/>\n\t<meta property=\"og:image:width\" content=\"1200\" \/>\n\t<meta property=\"og:image:height\" content=\"600\" \/>\n\t<meta property=\"og:image:type\" content=\"image\/jpeg\" \/>\n<meta name=\"author\" content=\"Mark Hillen\" \/>\n<meta name=\"twitter:label1\" content=\"Escrito por\" \/>\n\t<meta name=\"twitter:data1\" content=\"Mark Hillen\" \/>\n\t<meta name=\"twitter:label2\" content=\"Tempo estimado de leitura\" \/>\n\t<meta name=\"twitter:data2\" content=\"4 minutos\" \/>\n<script type=\"application\/ld+json\" class=\"yoast-schema-graph\">{\"@context\":\"https:\\\/\\\/schema.org\",\"@graph\":[{\"@type\":\"Article\",\"@id\":\"https:\\\/\\\/www.elza-institute.com\\\/total-corneal-wavefront-analysis-excimer-laser-surgery\\\/#article\",\"isPartOf\":{\"@id\":\"https:\\\/\\\/www.elza-institute.com\\\/total-corneal-wavefront-analysis-excimer-laser-surgery\\\/\"},\"author\":{\"name\":\"Mark Hillen\",\"@id\":\"https:\\\/\\\/www.elza-institute.com\\\/#\\\/schema\\\/person\\\/e3929262886a5a60dd6965a6bc721d15\"},\"headline\":\"Optimizing Therapeutic Excimer Laser Surgery with Total Corneal Wavefront Analysis\",\"datePublished\":\"2023-10-02T12:01:12+00:00\",\"dateModified\":\"2024-07-15T09:16:57+00:00\",\"mainEntityOfPage\":{\"@id\":\"https:\\\/\\\/www.elza-institute.com\\\/total-corneal-wavefront-analysis-excimer-laser-surgery\\\/\"},\"wordCount\":589,\"publisher\":{\"@id\":\"https:\\\/\\\/www.elza-institute.com\\\/#organization\"},\"image\":{\"@id\":\"https:\\\/\\\/www.elza-institute.com\\\/total-corneal-wavefront-analysis-excimer-laser-surgery\\\/#primaryimage\"},\"thumbnailUrl\":\"https:\\\/\\\/www.elza-institute.com\\\/wp-content\\\/uploads\\\/2023\\\/09\\\/TotalCornealWavefrontArticleFeaturedImage.jpg\",\"keywords\":[\"Clinical Cases\",\"Corneal Wavefront Analysis\",\"Dr. Emilio Torres-Netto\",\"Excimer Laser Surgery\",\"Eye Care\",\"eye health\",\"High-Order Aberrations\",\"Irregular Corneas\",\"Laser Refractive Procedures\",\"Medical Technology\",\"ophthalmology\",\"pace\",\"refractive surgery\",\"Total Corneal Analysis\",\"Visual Correction\"],\"articleSection\":[\"Emilio Torres\",\"News\",\"Popular press\"],\"inLanguage\":\"pt-PT\"},{\"@type\":\"WebPage\",\"@id\":\"https:\\\/\\\/www.elza-institute.com\\\/total-corneal-wavefront-analysis-excimer-laser-surgery\\\/\",\"url\":\"https:\\\/\\\/www.elza-institute.com\\\/total-corneal-wavefront-analysis-excimer-laser-surgery\\\/\",\"name\":\"Total Corneal Wavefront Analysis in Excimer Laser Surgery\",\"isPartOf\":{\"@id\":\"https:\\\/\\\/www.elza-institute.com\\\/#website\"},\"primaryImageOfPage\":{\"@id\":\"https:\\\/\\\/www.elza-institute.com\\\/total-corneal-wavefront-analysis-excimer-laser-surgery\\\/#primaryimage\"},\"image\":{\"@id\":\"https:\\\/\\\/www.elza-institute.com\\\/total-corneal-wavefront-analysis-excimer-laser-surgery\\\/#primaryimage\"},\"thumbnailUrl\":\"https:\\\/\\\/www.elza-institute.com\\\/wp-content\\\/uploads\\\/2023\\\/09\\\/TotalCornealWavefrontArticleFeaturedImage.jpg\",\"datePublished\":\"2023-10-02T12:01:12+00:00\",\"dateModified\":\"2024-07-15T09:16:57+00:00\",\"description\":\"\\\"Elevating Excimer Surgery: Total Corneal Wavefront Analysis's Crucial Role in Precision and Outcomes\\\" with ELZA's Dr. Emilio Torres-Netto.\",\"breadcrumb\":{\"@id\":\"https:\\\/\\\/www.elza-institute.com\\\/total-corneal-wavefront-analysis-excimer-laser-surgery\\\/#breadcrumb\"},\"inLanguage\":\"pt-PT\",\"potentialAction\":[{\"@type\":\"ReadAction\",\"target\":[\"https:\\\/\\\/www.elza-institute.com\\\/total-corneal-wavefront-analysis-excimer-laser-surgery\\\/\"]}]},{\"@type\":\"ImageObject\",\"inLanguage\":\"pt-PT\",\"@id\":\"https:\\\/\\\/www.elza-institute.com\\\/total-corneal-wavefront-analysis-excimer-laser-surgery\\\/#primaryimage\",\"url\":\"https:\\\/\\\/www.elza-institute.com\\\/wp-content\\\/uploads\\\/2023\\\/09\\\/TotalCornealWavefrontArticleFeaturedImage.jpg\",\"contentUrl\":\"https:\\\/\\\/www.elza-institute.com\\\/wp-content\\\/uploads\\\/2023\\\/09\\\/TotalCornealWavefrontArticleFeaturedImage.jpg\",\"width\":1200,\"height\":600,\"caption\":\"Total Corneal Wavefront Article\"},{\"@type\":\"BreadcrumbList\",\"@id\":\"https:\\\/\\\/www.elza-institute.com\\\/total-corneal-wavefront-analysis-excimer-laser-surgery\\\/#breadcrumb\",\"itemListElement\":[{\"@type\":\"ListItem\",\"position\":1,\"name\":\"Home\",\"item\":\"https:\\\/\\\/www.elza-institute.com\\\/\"},{\"@type\":\"ListItem\",\"position\":2,\"name\":\"News\",\"item\":\"https:\\\/\\\/www.elza-institute.com\\\/general-news\\\/\"},{\"@type\":\"ListItem\",\"position\":3,\"name\":\"Optimizing Therapeutic Excimer Laser Surgery with Total Corneal Wavefront Analysis\"}]},{\"@type\":\"WebSite\",\"@id\":\"https:\\\/\\\/www.elza-institute.com\\\/#website\",\"url\":\"https:\\\/\\\/www.elza-institute.com\\\/\",\"name\":\"The ELZA Institute\",\"description\":\"Swiss EyeCare at its finest\",\"publisher\":{\"@id\":\"https:\\\/\\\/www.elza-institute.com\\\/#organization\"},\"potentialAction\":[{\"@type\":\"SearchAction\",\"target\":{\"@type\":\"EntryPoint\",\"urlTemplate\":\"https:\\\/\\\/www.elza-institute.com\\\/?s={search_term_string}\"},\"query-input\":{\"@type\":\"PropertyValueSpecification\",\"valueRequired\":true,\"valueName\":\"search_term_string\"}}],\"inLanguage\":\"pt-PT\"},{\"@type\":\"Organization\",\"@id\":\"https:\\\/\\\/www.elza-institute.com\\\/#organization\",\"name\":\"The ELZA Institute\",\"url\":\"https:\\\/\\\/www.elza-institute.com\\\/\",\"logo\":{\"@type\":\"ImageObject\",\"inLanguage\":\"pt-PT\",\"@id\":\"https:\\\/\\\/www.elza-institute.com\\\/#\\\/schema\\\/logo\\\/image\\\/\",\"url\":\"https:\\\/\\\/www.elza-institute.com\\\/wp-content\\\/uploads\\\/2016\\\/04\\\/ELZA-logo-V4.jpg\",\"contentUrl\":\"https:\\\/\\\/www.elza-institute.com\\\/wp-content\\\/uploads\\\/2016\\\/04\\\/ELZA-logo-V4.jpg\",\"width\":1181,\"height\":453,\"caption\":\"The ELZA Institute\"},\"image\":{\"@id\":\"https:\\\/\\\/www.elza-institute.com\\\/#\\\/schema\\\/logo\\\/image\\\/\"},\"sameAs\":[\"https:\\\/\\\/www.facebook.com\\\/ELZA.Institute\\\/\",\"https:\\\/\\\/x.com\\\/ELZA_Institute\",\"https:\\\/\\\/www.linkedin.com\\\/company\\\/elza-institute?trk=top_nav_home\"]},{\"@type\":\"Person\",\"@id\":\"https:\\\/\\\/www.elza-institute.com\\\/#\\\/schema\\\/person\\\/e3929262886a5a60dd6965a6bc721d15\",\"name\":\"Mark Hillen\",\"url\":\"https:\\\/\\\/www.elza-institute.com\\\/pt\\\/author\\\/markhillen\\\/\"}]}<\/script>\n<!-- \/ Yoast SEO plugin. -->","yoast_head_json":{"title":"An\u00e1lise da frente de onda total da c\u00f3rnea na cirurgia com Excimer Laser","description":"\"Elevando a cirurgia Excimer: Total Corneal Wavefront Analysis's Crucial Role in Precision and Outcomes\" com o Dr. Emilio Torres-Netto da ELZA.","robots":{"index":"index","follow":"follow","max-snippet":"max-snippet:-1","max-image-preview":"max-image-preview:large","max-video-preview":"max-video-preview:-1"},"canonical":"https:\/\/www.elza-institute.com\/pt\/total-corneal-wavefront-analysis-excimer-laser-surgery\/","og_locale":"pt_PT","og_type":"article","og_title":"How total corneal wavefront analysis is changing the game in laser surgery","og_description":"Discover how total corneal wavefront analysis is transforming the world of excimer laser surgery. Learn about its significance in improving therapeutic outcomes for patients with irregular corneas. Explore real clinical cases and advancements in technology with ELZA's corneal surgeon, Dr. Emilio Torres-Netto, MD, PhD, FWCRS.","og_url":"https:\/\/www.elza-institute.com\/pt\/total-corneal-wavefront-analysis-excimer-laser-surgery\/","og_site_name":"The ELZA Institute","article_publisher":"https:\/\/www.facebook.com\/ELZA.Institute\/","article_published_time":"2023-10-02T12:01:12+00:00","article_modified_time":"2024-07-15T09:16:57+00:00","og_image":[{"width":1200,"height":600,"url":"https:\/\/www.elza-institute.com\/wp-content\/uploads\/2023\/09\/TotalCornealWavefrontArticleFeaturedImage.jpg","type":"image\/jpeg"}],"author":"Mark Hillen","twitter_misc":{"Escrito por":"Mark Hillen","Tempo estimado de leitura":"4 minutos"},"schema":{"@context":"https:\/\/schema.org","@graph":[{"@type":"Article","@id":"https:\/\/www.elza-institute.com\/total-corneal-wavefront-analysis-excimer-laser-surgery\/#article","isPartOf":{"@id":"https:\/\/www.elza-institute.com\/total-corneal-wavefront-analysis-excimer-laser-surgery\/"},"author":{"name":"Mark Hillen","@id":"https:\/\/www.elza-institute.com\/#\/schema\/person\/e3929262886a5a60dd6965a6bc721d15"},"headline":"Optimizing Therapeutic Excimer Laser Surgery with Total Corneal Wavefront Analysis","datePublished":"2023-10-02T12:01:12+00:00","dateModified":"2024-07-15T09:16:57+00:00","mainEntityOfPage":{"@id":"https:\/\/www.elza-institute.com\/total-corneal-wavefront-analysis-excimer-laser-surgery\/"},"wordCount":589,"publisher":{"@id":"https:\/\/www.elza-institute.com\/#organization"},"image":{"@id":"https:\/\/www.elza-institute.com\/total-corneal-wavefront-analysis-excimer-laser-surgery\/#primaryimage"},"thumbnailUrl":"https:\/\/www.elza-institute.com\/wp-content\/uploads\/2023\/09\/TotalCornealWavefrontArticleFeaturedImage.jpg","keywords":["Clinical Cases","Corneal Wavefront Analysis","Dr. Emilio Torres-Netto","Excimer Laser Surgery","Eye Care","eye health","High-Order Aberrations","Irregular Corneas","Laser Refractive Procedures","Medical Technology","ophthalmology","pace","refractive surgery","Total Corneal Analysis","Visual Correction"],"articleSection":["Emilio Torres","News","Popular press"],"inLanguage":"pt-PT"},{"@type":"WebPage","@id":"https:\/\/www.elza-institute.com\/total-corneal-wavefront-analysis-excimer-laser-surgery\/","url":"https:\/\/www.elza-institute.com\/total-corneal-wavefront-analysis-excimer-laser-surgery\/","name":"An\u00e1lise da frente de onda total da c\u00f3rnea na cirurgia com Excimer Laser","isPartOf":{"@id":"https:\/\/www.elza-institute.com\/#website"},"primaryImageOfPage":{"@id":"https:\/\/www.elza-institute.com\/total-corneal-wavefront-analysis-excimer-laser-surgery\/#primaryimage"},"image":{"@id":"https:\/\/www.elza-institute.com\/total-corneal-wavefront-analysis-excimer-laser-surgery\/#primaryimage"},"thumbnailUrl":"https:\/\/www.elza-institute.com\/wp-content\/uploads\/2023\/09\/TotalCornealWavefrontArticleFeaturedImage.jpg","datePublished":"2023-10-02T12:01:12+00:00","dateModified":"2024-07-15T09:16:57+00:00","description":"\"Elevando a cirurgia Excimer: Total Corneal Wavefront Analysis's Crucial Role in Precision and Outcomes\" com o Dr. Emilio Torres-Netto da ELZA.","breadcrumb":{"@id":"https:\/\/www.elza-institute.com\/total-corneal-wavefront-analysis-excimer-laser-surgery\/#breadcrumb"},"inLanguage":"pt-PT","potentialAction":[{"@type":"ReadAction","target":["https:\/\/www.elza-institute.com\/total-corneal-wavefront-analysis-excimer-laser-surgery\/"]}]},{"@type":"ImageObject","inLanguage":"pt-PT","@id":"https:\/\/www.elza-institute.com\/total-corneal-wavefront-analysis-excimer-laser-surgery\/#primaryimage","url":"https:\/\/www.elza-institute.com\/wp-content\/uploads\/2023\/09\/TotalCornealWavefrontArticleFeaturedImage.jpg","contentUrl":"https:\/\/www.elza-institute.com\/wp-content\/uploads\/2023\/09\/TotalCornealWavefrontArticleFeaturedImage.jpg","width":1200,"height":600,"caption":"Total Corneal Wavefront Article"},{"@type":"BreadcrumbList","@id":"https:\/\/www.elza-institute.com\/total-corneal-wavefront-analysis-excimer-laser-surgery\/#breadcrumb","itemListElement":[{"@type":"ListItem","position":1,"name":"Home","item":"https:\/\/www.elza-institute.com\/"},{"@type":"ListItem","position":2,"name":"News","item":"https:\/\/www.elza-institute.com\/general-news\/"},{"@type":"ListItem","position":3,"name":"Optimizing Therapeutic Excimer Laser Surgery with Total Corneal Wavefront Analysis"}]},{"@type":"WebSite","@id":"https:\/\/www.elza-institute.com\/#website","url":"https:\/\/www.elza-institute.com\/","name":"O Instituto ELZA","description":"Swiss EyeCare no seu melhor","publisher":{"@id":"https:\/\/www.elza-institute.com\/#organization"},"potentialAction":[{"@type":"SearchAction","target":{"@type":"EntryPoint","urlTemplate":"https:\/\/www.elza-institute.com\/?s={search_term_string}"},"query-input":{"@type":"PropertyValueSpecification","valueRequired":true,"valueName":"search_term_string"}}],"inLanguage":"pt-PT"},{"@type":"Organization","@id":"https:\/\/www.elza-institute.com\/#organization","name":"O Instituto ELZA","url":"https:\/\/www.elza-institute.com\/","logo":{"@type":"ImageObject","inLanguage":"pt-PT","@id":"https:\/\/www.elza-institute.com\/#\/schema\/logo\/image\/","url":"https:\/\/www.elza-institute.com\/wp-content\/uploads\/2016\/04\/ELZA-logo-V4.jpg","contentUrl":"https:\/\/www.elza-institute.com\/wp-content\/uploads\/2016\/04\/ELZA-logo-V4.jpg","width":1181,"height":453,"caption":"The ELZA Institute"},"image":{"@id":"https:\/\/www.elza-institute.com\/#\/schema\/logo\/image\/"},"sameAs":["https:\/\/www.facebook.com\/ELZA.Institute\/","https:\/\/x.com\/ELZA_Institute","https:\/\/www.linkedin.com\/company\/elza-institute?trk=top_nav_home"]},{"@type":"Person","@id":"https:\/\/www.elza-institute.com\/#\/schema\/person\/e3929262886a5a60dd6965a6bc721d15","name":"Mark Hillen","url":"https:\/\/www.elza-institute.com\/pt\/author\/markhillen\/"}]}},"_links":{"self":[{"href":"https:\/\/www.elza-institute.com\/pt\/wp-json\/wp\/v2\/posts\/41284","targetHints":{"allow":["GET"]}}],"collection":[{"href":"https:\/\/www.elza-institute.com\/pt\/wp-json\/wp\/v2\/posts"}],"about":[{"href":"https:\/\/www.elza-institute.com\/pt\/wp-json\/wp\/v2\/types\/post"}],"author":[{"embeddable":true,"href":"https:\/\/www.elza-institute.com\/pt\/wp-json\/wp\/v2\/users\/4"}],"replies":[{"embeddable":true,"href":"https:\/\/www.elza-institute.com\/pt\/wp-json\/wp\/v2\/comments?post=41284"}],"version-history":[{"count":0,"href":"https:\/\/www.elza-institute.com\/pt\/wp-json\/wp\/v2\/posts\/41284\/revisions"}],"wp:featuredmedia":[{"embeddable":true,"href":"https:\/\/www.elza-institute.com\/pt\/wp-json\/wp\/v2\/media\/41291"}],"wp:attachment":[{"href":"https:\/\/www.elza-institute.com\/pt\/wp-json\/wp\/v2\/media?parent=41284"}],"wp:term":[{"taxonomy":"category","embeddable":true,"href":"https:\/\/www.elza-institute.com\/pt\/wp-json\/wp\/v2\/categories?post=41284"},{"taxonomy":"post_tag","embeddable":true,"href":"https:\/\/www.elza-institute.com\/pt\/wp-json\/wp\/v2\/tags?post=41284"}],"curies":[{"name":"wp","href":"https:\/\/api.w.org\/{rel}","templated":true}]}}