{"id":49283,"date":"2025-05-02T12:34:42","date_gmt":"2025-05-02T12:34:42","guid":{"rendered":"https:\/\/www.elza-institute.com\/?p=45766"},"modified":"2025-05-02T12:34:42","modified_gmt":"2025-05-02T12:34:42","slug":"nikki-hafezi-participates-in-asmis-70th-anniversary-celebration-in-uzbekistan","status":"publish","type":"post","link":"https:\/\/www.elza-institute.com\/pt\/nikki-hafezi-participates-in-asmis-70th-anniversary-celebration-in-uzbekistan\/","title":{"rendered":"Nikki Hafezi participa na celebra\u00e7\u00e3o do 70\u00ba anivers\u00e1rio da ASMI no Uzbequist\u00e3o"},"content":{"rendered":"<div data-elementor-type=\"wp-post\" data-elementor-id=\"49283\" class=\"elementor elementor-49283\" data-elementor-post-type=\"post\">\n\t\t\t\t<div class=\"elementor-element elementor-element-18794004 e-flex e-con-boxed e-con e-parent\" data-id=\"18794004\" data-element_type=\"container\" data-e-type=\"container\">\n\t\t\t\t\t<div class=\"e-con-inner\">\n\t\t\t\t<div class=\"elementor-element elementor-element-131503d6 elementor-widget elementor-widget-text-editor\" data-id=\"131503d6\" data-element_type=\"widget\" data-e-type=\"widget\" data-no-translation=\"\" data-widget_type=\"text-editor.default\">\n\t\t\t\t<div class=\"elementor-widget-container\">\n\t\t\t\t\t<style>.elementor-element-131503d6{display:none !important}<\/style>\t\t\t\t<\/div>\n\t\t\t\t<\/div>\n\t\t\t\t\t<\/div>\n\t\t\t\t<\/div>\n\t\t<div class=\"elementor-element elementor-element-78fa5fa e-flex e-con-boxed e-con e-parent\" data-id=\"78fa5fa\" data-element_type=\"container\" data-e-type=\"container\">\n\t\t\t\t\t<div class=\"e-con-inner\">\n\t\t\t\t<div class=\"elementor-element elementor-element-ccbbe02 elementor-widget elementor-widget-text-editor\" data-id=\"ccbbe02\" data-element_type=\"widget\" data-e-type=\"widget\" data-no-translation=\"\" data-widget_type=\"text-editor.default\">\n\t\t\t\t<div class=\"elementor-widget-container\">\n\t\t\t\t\t<style>.elementor-element-ccbbe02{display:none !important}<\/style>\t\t\t\t<\/div>\n\t\t\t\t<\/div>\n\t\t\t\t\t<\/div>\n\t\t\t\t<\/div>\n\t\t<div class=\"elementor-element elementor-element-9fa7f61 e-flex e-con-boxed e-con e-parent\" data-id=\"9fa7f61\" data-element_type=\"container\" data-e-type=\"container\" data-no-translation=\"\">\n\t\t\t\t\t<div class=\"e-con-inner\">\n\t\t\t\t<div class=\"elementor-element elementor-element-9ca592b elementor-widget elementor-widget-text-editor\" data-id=\"9ca592b\" data-element_type=\"widget\" data-e-type=\"widget\" data-widget_type=\"text-editor.default\">\n\t\t\t\t<div class=\"elementor-widget-container\">\n\t\t\t\t\t\t\t\t\t<p>Durante as comemora\u00e7\u00f5es do 70\u00ba anivers\u00e1rio do Andijan State Medical Institute (ASMI), a CEO do ELZA Institute, <a href=\"https:\/\/www.elza-institute.com\/pt\/sobre\/nikki-hafezi\/\">Nikki Hafezi, MAS IP ETHZ<\/a>, participou de uma s\u00e9rie de eventos institucionais e <a href=\"https:\/\/adu.uz\/en\">acad\u00eamicos<\/a> de 28 de abril a 1\u00ba de maio de 2025.<\/p>\n<p><span style=\"background-color: initial;\">Convidada como palestrante de honra, Hafezi conduziu apresenta\u00e7\u00f5es sobre gest\u00e3o da inova\u00e7\u00e3o, propriedade intelectual em tecnologias m\u00e9dicas e colabora\u00e7\u00e3o cient\u00edfica internacional. As sess\u00f5es foram adaptadas para p\u00fablicos acad\u00eamicos e representantes da Ag\u00eancia de Prote\u00e7\u00e3o Social do Uzbequist\u00e3o.<\/span><\/p>\n<p>Ela destacou a import\u00e2ncia de ecossistemas de inova\u00e7\u00e3o bem estruturados em universidades m\u00e9dicas. Com base na sua experi\u00eancia no ELZA Institute e em consultorias para startups de dispositivos m\u00e9dicos, Hafezi apresentou propostas pr\u00e1ticas para transformar pesquisa em solu\u00e7\u00f5es globais.<\/p>\n<p>Tamb\u00e9m abordou o papel das universidades como agentes de transforma\u00e7\u00e3o em sa\u00fade p\u00fablica. &#8220;As universidades s\u00e3o plataformas de lan\u00e7amento para solu\u00e7\u00f5es m\u00e9dicas escal\u00e1veis&#8221;, disse.<\/p>\n<p>Hafezi agradeceu aos organizadores uzbeques pela recep\u00e7\u00e3o e elogiou a vis\u00e3o do ASMI ao valorizar tanto a hist\u00f3ria institucional quanto as parcerias globais.<\/p>\t\t\t\t\t\t\t\t<\/div>\n\t\t\t\t<\/div>\n\t\t\t\t\t<\/div>\n\t\t\t\t<\/div>\n\t\t<div class=\"elementor-element elementor-element-77ec2a6 e-flex e-con-boxed e-con e-parent\" data-id=\"77ec2a6\" data-element_type=\"container\" data-e-type=\"container\">\n\t\t\t\t\t<div class=\"e-con-inner\">\n\t\t\t\t<div class=\"elementor-element elementor-element-26ecdf2 elementor-arrows-position-inside elementor-pagination-position-outside elementor-widget elementor-widget-image-carousel\" data-id=\"26ecdf2\" data-element_type=\"widget\" data-e-type=\"widget\" data-settings=\"{&quot;slides_to_show&quot;:&quot;2&quot;,&quot;navigation&quot;:&quot;both&quot;,&quot;autoplay&quot;:&quot;yes&quot;,&quot;pause_on_hover&quot;:&quot;yes&quot;,&quot;pause_on_interaction&quot;:&quot;yes&quot;,&quot;autoplay_speed&quot;:5000,&quot;infinite&quot;:&quot;yes&quot;,&quot;speed&quot;:500}\" data-widget_type=\"image-carousel.default\">\n\t\t\t\t<div class=\"elementor-widget-container\">\n\t\t\t\t\t\t\t<div class=\"elementor-image-carousel-wrapper swiper\" role=\"region\" aria-roledescription=\"carousel\" aria-label=\"Carrossel de imagens\" dir=\"ltr\">\n\t\t\t<div class=\"elementor-image-carousel swiper-wrapper\" aria-live=\"off\">\n\t\t\t\t\t\t\t\t<div class=\"swiper-slide\" role=\"group\" aria-roledescription=\"slide\" aria-label=\"1 de 2\"><figure class=\"swiper-slide-inner\"><img decoding=\"async\" class=\"swiper-slide-image\" src=\"https:\/\/www.elza-institute.com\/wp-content\/uploads\/2025\/05\/Nikki-Hafezi-ASMI-1-scaled.jpg\" alt=\"\" \/><\/figure><\/div><div class=\"swiper-slide\" role=\"group\" aria-roledescription=\"slide\" aria-label=\"2 de 2\"><figure class=\"swiper-slide-inner\"><img decoding=\"async\" class=\"swiper-slide-image\" src=\"https:\/\/www.elza-institute.com\/wp-content\/uploads\/2025\/05\/Nikki-Hafezi-ASMI-badge.jpg\" alt=\"\" \/><\/figure><\/div>\t\t\t<\/div>\n\t\t\t\t\t\t\t\t\t\t\t\t<div class=\"elementor-swiper-button elementor-swiper-button-prev\" role=\"button\" tabindex=\"0\">\n\t\t\t\t\t\t<svg aria-hidden=\"true\" class=\"e-font-icon-svg e-eicon-chevron-left\" viewbox=\"0 0 1000 1000\" xmlns=\"http:\/\/www.w3.org\/2000\/svg\"><path d=\"M646 125C629 125 613 133 604 142L308 442C296 454 292 471 292 487 292 504 296 521 308 533L604 854C617 867 629 875 646 875 663 875 679 871 692 858 704 846 713 829 713 812 713 796 708 779 692 767L438 487 692 225C700 217 708 204 708 187 708 171 704 154 692 142 675 129 663 125 646 125Z\"><\/path><\/svg>\t\t\t\t\t<\/div>\n\t\t\t\t\t<div class=\"elementor-swiper-button elementor-swiper-button-next\" role=\"button\" tabindex=\"0\">\n\t\t\t\t\t\t<svg aria-hidden=\"true\" class=\"e-font-icon-svg e-eicon-chevron-right\" viewbox=\"0 0 1000 1000\" xmlns=\"http:\/\/www.w3.org\/2000\/svg\"><path d=\"M696 533C708 521 713 504 713 487 713 471 708 454 696 446L400 146C388 133 375 125 354 125 338 125 325 129 313 142 300 154 292 171 292 187 292 204 296 221 308 233L563 492 304 771C292 783 288 800 288 817 288 833 296 850 308 863 321 871 338 875 354 875 371 875 388 867 400 854L696 533Z\"><\/path><\/svg>\t\t\t\t\t<\/div>\n\t\t\t\t\n\t\t\t\t\t\t\t\t\t<div class=\"swiper-pagination\"><\/div>\n\t\t\t\t\t\t\t\t\t<\/div>\n\t\t\t\t\t\t<\/div>\n\t\t\t\t<\/div>\n\t\t\t\t\t<\/div>\n\t\t\t\t<\/div>\n\t\t\t\t<\/div>","protected":false},"excerpt":{"rendered":"<p>Como parte da celebra\u00e7\u00e3o do 70\u00ba anivers\u00e1rio do Instituto M\u00e9dico Estatal de Andijan (ASMI) no Uzbequist\u00e3o, o Diretor Executivo do Instituto ELZA, Nikki Hafezi, MAS IP ETHZ, participou numa s\u00e9rie de eventos acad\u00e9micos e institucionais de alto n\u00edvel de 28 de abril a 1 de maio de 2025.<\/p>","protected":false},"author":4,"featured_media":49228,"comment_status":"closed","ping_status":"closed","sticky":false,"template":"","format":"standard","meta":{"_acf_changed":false,"footnotes":""},"categories":[223,97],"tags":[938,1196,679,978,593,122,1197,674],"class_list":["post-49283","post","type-post","status-publish","format-standard","has-post-thumbnail","hentry","category-nikki-hafezi","category-podium-power","tag-academic-diplomacy","tag-asmi","tag-elza-institute","tag-medical-innovation","tag-nikki-hafezi","tag-translational-research","tag-university-tech-transfer","tag-uzbekistan"],"acf":[],"yoast_head":"<!-- This site is optimized with the Yoast SEO plugin v27.4 - https:\/\/yoast.com\/product\/yoast-seo-wordpress\/ -->\n<title>Nikki Hafezi Takes Part in ASMI 70th Anniversary Celebration in Uzbekistan - The ELZA Institute<\/title>\n<meta name=\"description\" content=\"Nikki Hafezi speaks at ASMI&#039;s 70th anniversary, addressing innovation strategy and medical tech transfer in Uzbekistan.\" \/>\n<meta name=\"robots\" content=\"index, follow, max-snippet:-1, max-image-preview:large, max-video-preview:-1\" \/>\n<link rel=\"canonical\" href=\"https:\/\/www.elza-institute.com\/pt\/nikki-hafezi-participates-in-asmis-70th-anniversary-celebration-in-uzbekistan\/\" \/>\n<meta property=\"og:locale\" content=\"pt_PT\" \/>\n<meta property=\"og:type\" content=\"article\" \/>\n<meta property=\"og:title\" content=\"Nikki Hafezi Takes Part in ASMI 70th Anniversary Celebration in Uzbekistan - The ELZA Institute\" \/>\n<meta property=\"og:description\" content=\"Nikki Hafezi speaks at ASMI&#039;s 70th anniversary, addressing innovation strategy and medical tech transfer in Uzbekistan.\" \/>\n<meta property=\"og:url\" content=\"https:\/\/www.elza-institute.com\/pt\/nikki-hafezi-participates-in-asmis-70th-anniversary-celebration-in-uzbekistan\/\" \/>\n<meta property=\"og:site_name\" content=\"The ELZA Institute\" \/>\n<meta property=\"article:publisher\" content=\"https:\/\/www.facebook.com\/ELZA.Institute\/\" \/>\n<meta property=\"article:published_time\" content=\"2025-05-02T12:34:42+00:00\" \/>\n<meta property=\"og:image\" content=\"https:\/\/www.elza-institute.com\/wp-content\/uploads\/2025\/05\/Nikki-ASMI-featured-image.jpg\" \/>\n\t<meta property=\"og:image:width\" content=\"1200\" \/>\n\t<meta property=\"og:image:height\" content=\"600\" \/>\n\t<meta property=\"og:image:type\" content=\"image\/jpeg\" \/>\n<meta name=\"author\" content=\"Mark Hillen\" \/>\n<meta name=\"twitter:label1\" content=\"Escrito por\" \/>\n\t<meta name=\"twitter:data1\" content=\"Mark Hillen\" \/>\n\t<meta name=\"twitter:label2\" content=\"Tempo estimado de leitura\" \/>\n\t<meta name=\"twitter:data2\" content=\"4 minutos\" \/>\n<script type=\"application\/ld+json\" class=\"yoast-schema-graph\">{\"@context\":\"https:\\\/\\\/schema.org\",\"@graph\":[{\"@type\":\"Article\",\"@id\":\"https:\\\/\\\/www.elza-institute.com\\\/nikki-hafezi-participates-in-asmis-70th-anniversary-celebration-in-uzbekistan\\\/#article\",\"isPartOf\":{\"@id\":\"https:\\\/\\\/www.elza-institute.com\\\/nikki-hafezi-participates-in-asmis-70th-anniversary-celebration-in-uzbekistan\\\/\"},\"author\":{\"name\":\"Mark Hillen\",\"@id\":\"https:\\\/\\\/www.elza-institute.com\\\/#\\\/schema\\\/person\\\/e3929262886a5a60dd6965a6bc721d15\"},\"headline\":\"Nikki Hafezi Takes Part in ASMI 70th Anniversary Celebration in Uzbekistan\",\"datePublished\":\"2025-05-02T12:34:42+00:00\",\"mainEntityOfPage\":{\"@id\":\"https:\\\/\\\/www.elza-institute.com\\\/nikki-hafezi-participates-in-asmis-70th-anniversary-celebration-in-uzbekistan\\\/\"},\"wordCount\":592,\"publisher\":{\"@id\":\"https:\\\/\\\/www.elza-institute.com\\\/#organization\"},\"image\":{\"@id\":\"https:\\\/\\\/www.elza-institute.com\\\/nikki-hafezi-participates-in-asmis-70th-anniversary-celebration-in-uzbekistan\\\/#primaryimage\"},\"thumbnailUrl\":\"https:\\\/\\\/www.elza-institute.com\\\/wp-content\\\/uploads\\\/2025\\\/05\\\/Nikki-ASMI-featured-image.jpg\",\"keywords\":[\"academic diplomacy\",\"ASMI\",\"ELZA Institute\",\"medical innovation\",\"Nikki Hafezi\",\"Translational Research\",\"university tech transfer\",\"uzbekistan\"],\"articleSection\":[\"Nikki Hafezi\",\"Podium Power\"],\"inLanguage\":\"pt-PT\"},{\"@type\":\"WebPage\",\"@id\":\"https:\\\/\\\/www.elza-institute.com\\\/nikki-hafezi-participates-in-asmis-70th-anniversary-celebration-in-uzbekistan\\\/\",\"url\":\"https:\\\/\\\/www.elza-institute.com\\\/nikki-hafezi-participates-in-asmis-70th-anniversary-celebration-in-uzbekistan\\\/\",\"name\":\"Nikki Hafezi Takes Part in ASMI 70th Anniversary Celebration in Uzbekistan - The ELZA Institute\",\"isPartOf\":{\"@id\":\"https:\\\/\\\/www.elza-institute.com\\\/#website\"},\"primaryImageOfPage\":{\"@id\":\"https:\\\/\\\/www.elza-institute.com\\\/nikki-hafezi-participates-in-asmis-70th-anniversary-celebration-in-uzbekistan\\\/#primaryimage\"},\"image\":{\"@id\":\"https:\\\/\\\/www.elza-institute.com\\\/nikki-hafezi-participates-in-asmis-70th-anniversary-celebration-in-uzbekistan\\\/#primaryimage\"},\"thumbnailUrl\":\"https:\\\/\\\/www.elza-institute.com\\\/wp-content\\\/uploads\\\/2025\\\/05\\\/Nikki-ASMI-featured-image.jpg\",\"datePublished\":\"2025-05-02T12:34:42+00:00\",\"description\":\"Nikki Hafezi speaks at ASMI's 70th anniversary, addressing innovation strategy and medical tech transfer in Uzbekistan.\",\"breadcrumb\":{\"@id\":\"https:\\\/\\\/www.elza-institute.com\\\/nikki-hafezi-participates-in-asmis-70th-anniversary-celebration-in-uzbekistan\\\/#breadcrumb\"},\"inLanguage\":\"pt-PT\",\"potentialAction\":[{\"@type\":\"ReadAction\",\"target\":[\"https:\\\/\\\/www.elza-institute.com\\\/nikki-hafezi-participates-in-asmis-70th-anniversary-celebration-in-uzbekistan\\\/\"]}]},{\"@type\":\"ImageObject\",\"inLanguage\":\"pt-PT\",\"@id\":\"https:\\\/\\\/www.elza-institute.com\\\/nikki-hafezi-participates-in-asmis-70th-anniversary-celebration-in-uzbekistan\\\/#primaryimage\",\"url\":\"https:\\\/\\\/www.elza-institute.com\\\/wp-content\\\/uploads\\\/2025\\\/05\\\/Nikki-ASMI-featured-image.jpg\",\"contentUrl\":\"https:\\\/\\\/www.elza-institute.com\\\/wp-content\\\/uploads\\\/2025\\\/05\\\/Nikki-ASMI-featured-image.jpg\",\"width\":1200,\"height\":600,\"caption\":\"Nikki Hafezi ASMI featured imagea\"},{\"@type\":\"BreadcrumbList\",\"@id\":\"https:\\\/\\\/www.elza-institute.com\\\/nikki-hafezi-participates-in-asmis-70th-anniversary-celebration-in-uzbekistan\\\/#breadcrumb\",\"itemListElement\":[{\"@type\":\"ListItem\",\"position\":1,\"name\":\"Home\",\"item\":\"https:\\\/\\\/www.elza-institute.com\\\/\"},{\"@type\":\"ListItem\",\"position\":2,\"name\":\"Nikki Hafezi\",\"item\":\"https:\\\/\\\/www.elza-institute.com\\\/de-ch\\\/nikki-hafezi\\\/\"},{\"@type\":\"ListItem\",\"position\":3,\"name\":\"Nikki Hafezi Takes Part in ASMI 70th Anniversary Celebration in Uzbekistan\"}]},{\"@type\":\"WebSite\",\"@id\":\"https:\\\/\\\/www.elza-institute.com\\\/#website\",\"url\":\"https:\\\/\\\/www.elza-institute.com\\\/\",\"name\":\"The ELZA Institute\",\"description\":\"Swiss EyeCare at its finest\",\"publisher\":{\"@id\":\"https:\\\/\\\/www.elza-institute.com\\\/#organization\"},\"potentialAction\":[{\"@type\":\"SearchAction\",\"target\":{\"@type\":\"EntryPoint\",\"urlTemplate\":\"https:\\\/\\\/www.elza-institute.com\\\/?s={search_term_string}\"},\"query-input\":{\"@type\":\"PropertyValueSpecification\",\"valueRequired\":true,\"valueName\":\"search_term_string\"}}],\"inLanguage\":\"pt-PT\"},{\"@type\":\"Organization\",\"@id\":\"https:\\\/\\\/www.elza-institute.com\\\/#organization\",\"name\":\"The ELZA Institute\",\"url\":\"https:\\\/\\\/www.elza-institute.com\\\/\",\"logo\":{\"@type\":\"ImageObject\",\"inLanguage\":\"pt-PT\",\"@id\":\"https:\\\/\\\/www.elza-institute.com\\\/#\\\/schema\\\/logo\\\/image\\\/\",\"url\":\"https:\\\/\\\/www.elza-institute.com\\\/wp-content\\\/uploads\\\/2016\\\/04\\\/ELZA-logo-V4.jpg\",\"contentUrl\":\"https:\\\/\\\/www.elza-institute.com\\\/wp-content\\\/uploads\\\/2016\\\/04\\\/ELZA-logo-V4.jpg\",\"width\":1181,\"height\":453,\"caption\":\"The ELZA Institute\"},\"image\":{\"@id\":\"https:\\\/\\\/www.elza-institute.com\\\/#\\\/schema\\\/logo\\\/image\\\/\"},\"sameAs\":[\"https:\\\/\\\/www.facebook.com\\\/ELZA.Institute\\\/\",\"https:\\\/\\\/x.com\\\/ELZA_Institute\",\"https:\\\/\\\/www.linkedin.com\\\/company\\\/elza-institute?trk=top_nav_home\"]},{\"@type\":\"Person\",\"@id\":\"https:\\\/\\\/www.elza-institute.com\\\/#\\\/schema\\\/person\\\/e3929262886a5a60dd6965a6bc721d15\",\"name\":\"Mark Hillen\",\"url\":\"https:\\\/\\\/www.elza-institute.com\\\/pt\\\/author\\\/markhillen\\\/\"}]}<\/script>\n<!-- \/ Yoast SEO plugin. -->","yoast_head_json":{"title":"Nikki Hafezi participa na celebra\u00e7\u00e3o do 70\u00ba anivers\u00e1rio da ASMI no Uzbequist\u00e3o - O Instituto ELZA","description":"Nikki Hafezi discursa no 70\u00ba anivers\u00e1rio da ASMI, abordando a estrat\u00e9gia de inova\u00e7\u00e3o e a transfer\u00eancia de tecnologia m\u00e9dica no Uzbequist\u00e3o.","robots":{"index":"index","follow":"follow","max-snippet":"max-snippet:-1","max-image-preview":"max-image-preview:large","max-video-preview":"max-video-preview:-1"},"canonical":"https:\/\/www.elza-institute.com\/pt\/nikki-hafezi-participates-in-asmis-70th-anniversary-celebration-in-uzbekistan\/","og_locale":"pt_PT","og_type":"article","og_title":"Nikki Hafezi Takes Part in ASMI 70th Anniversary Celebration in Uzbekistan - The ELZA Institute","og_description":"Nikki Hafezi speaks at ASMI's 70th anniversary, addressing innovation strategy and medical tech transfer in Uzbekistan.","og_url":"https:\/\/www.elza-institute.com\/pt\/nikki-hafezi-participates-in-asmis-70th-anniversary-celebration-in-uzbekistan\/","og_site_name":"The ELZA Institute","article_publisher":"https:\/\/www.facebook.com\/ELZA.Institute\/","article_published_time":"2025-05-02T12:34:42+00:00","og_image":[{"width":1200,"height":600,"url":"https:\/\/www.elza-institute.com\/wp-content\/uploads\/2025\/05\/Nikki-ASMI-featured-image.jpg","type":"image\/jpeg"}],"author":"Mark Hillen","twitter_misc":{"Escrito por":"Mark Hillen","Tempo estimado de leitura":"4 minutos"},"schema":{"@context":"https:\/\/schema.org","@graph":[{"@type":"Article","@id":"https:\/\/www.elza-institute.com\/nikki-hafezi-participates-in-asmis-70th-anniversary-celebration-in-uzbekistan\/#article","isPartOf":{"@id":"https:\/\/www.elza-institute.com\/nikki-hafezi-participates-in-asmis-70th-anniversary-celebration-in-uzbekistan\/"},"author":{"name":"Mark Hillen","@id":"https:\/\/www.elza-institute.com\/#\/schema\/person\/e3929262886a5a60dd6965a6bc721d15"},"headline":"Nikki Hafezi Takes Part in ASMI 70th Anniversary Celebration in Uzbekistan","datePublished":"2025-05-02T12:34:42+00:00","mainEntityOfPage":{"@id":"https:\/\/www.elza-institute.com\/nikki-hafezi-participates-in-asmis-70th-anniversary-celebration-in-uzbekistan\/"},"wordCount":592,"publisher":{"@id":"https:\/\/www.elza-institute.com\/#organization"},"image":{"@id":"https:\/\/www.elza-institute.com\/nikki-hafezi-participates-in-asmis-70th-anniversary-celebration-in-uzbekistan\/#primaryimage"},"thumbnailUrl":"https:\/\/www.elza-institute.com\/wp-content\/uploads\/2025\/05\/Nikki-ASMI-featured-image.jpg","keywords":["academic diplomacy","ASMI","ELZA Institute","medical innovation","Nikki Hafezi","Translational Research","university tech transfer","uzbekistan"],"articleSection":["Nikki Hafezi","Podium Power"],"inLanguage":"pt-PT"},{"@type":"WebPage","@id":"https:\/\/www.elza-institute.com\/nikki-hafezi-participates-in-asmis-70th-anniversary-celebration-in-uzbekistan\/","url":"https:\/\/www.elza-institute.com\/nikki-hafezi-participates-in-asmis-70th-anniversary-celebration-in-uzbekistan\/","name":"Nikki Hafezi participa na celebra\u00e7\u00e3o do 70\u00ba anivers\u00e1rio da ASMI no Uzbequist\u00e3o - O Instituto ELZA","isPartOf":{"@id":"https:\/\/www.elza-institute.com\/#website"},"primaryImageOfPage":{"@id":"https:\/\/www.elza-institute.com\/nikki-hafezi-participates-in-asmis-70th-anniversary-celebration-in-uzbekistan\/#primaryimage"},"image":{"@id":"https:\/\/www.elza-institute.com\/nikki-hafezi-participates-in-asmis-70th-anniversary-celebration-in-uzbekistan\/#primaryimage"},"thumbnailUrl":"https:\/\/www.elza-institute.com\/wp-content\/uploads\/2025\/05\/Nikki-ASMI-featured-image.jpg","datePublished":"2025-05-02T12:34:42+00:00","description":"Nikki Hafezi discursa no 70\u00ba anivers\u00e1rio da ASMI, abordando a estrat\u00e9gia de inova\u00e7\u00e3o e a transfer\u00eancia de tecnologia m\u00e9dica no Uzbequist\u00e3o.","breadcrumb":{"@id":"https:\/\/www.elza-institute.com\/nikki-hafezi-participates-in-asmis-70th-anniversary-celebration-in-uzbekistan\/#breadcrumb"},"inLanguage":"pt-PT","potentialAction":[{"@type":"ReadAction","target":["https:\/\/www.elza-institute.com\/nikki-hafezi-participates-in-asmis-70th-anniversary-celebration-in-uzbekistan\/"]}]},{"@type":"ImageObject","inLanguage":"pt-PT","@id":"https:\/\/www.elza-institute.com\/nikki-hafezi-participates-in-asmis-70th-anniversary-celebration-in-uzbekistan\/#primaryimage","url":"https:\/\/www.elza-institute.com\/wp-content\/uploads\/2025\/05\/Nikki-ASMI-featured-image.jpg","contentUrl":"https:\/\/www.elza-institute.com\/wp-content\/uploads\/2025\/05\/Nikki-ASMI-featured-image.jpg","width":1200,"height":600,"caption":"Nikki Hafezi ASMI featured imagea"},{"@type":"BreadcrumbList","@id":"https:\/\/www.elza-institute.com\/nikki-hafezi-participates-in-asmis-70th-anniversary-celebration-in-uzbekistan\/#breadcrumb","itemListElement":[{"@type":"ListItem","position":1,"name":"Home","item":"https:\/\/www.elza-institute.com\/"},{"@type":"ListItem","position":2,"name":"Nikki Hafezi","item":"https:\/\/www.elza-institute.com\/de-ch\/nikki-hafezi\/"},{"@type":"ListItem","position":3,"name":"Nikki Hafezi Takes Part in ASMI 70th Anniversary Celebration in Uzbekistan"}]},{"@type":"WebSite","@id":"https:\/\/www.elza-institute.com\/#website","url":"https:\/\/www.elza-institute.com\/","name":"O Instituto ELZA","description":"Swiss EyeCare no seu melhor","publisher":{"@id":"https:\/\/www.elza-institute.com\/#organization"},"potentialAction":[{"@type":"SearchAction","target":{"@type":"EntryPoint","urlTemplate":"https:\/\/www.elza-institute.com\/?s={search_term_string}"},"query-input":{"@type":"PropertyValueSpecification","valueRequired":true,"valueName":"search_term_string"}}],"inLanguage":"pt-PT"},{"@type":"Organization","@id":"https:\/\/www.elza-institute.com\/#organization","name":"O Instituto ELZA","url":"https:\/\/www.elza-institute.com\/","logo":{"@type":"ImageObject","inLanguage":"pt-PT","@id":"https:\/\/www.elza-institute.com\/#\/schema\/logo\/image\/","url":"https:\/\/www.elza-institute.com\/wp-content\/uploads\/2016\/04\/ELZA-logo-V4.jpg","contentUrl":"https:\/\/www.elza-institute.com\/wp-content\/uploads\/2016\/04\/ELZA-logo-V4.jpg","width":1181,"height":453,"caption":"The ELZA Institute"},"image":{"@id":"https:\/\/www.elza-institute.com\/#\/schema\/logo\/image\/"},"sameAs":["https:\/\/www.facebook.com\/ELZA.Institute\/","https:\/\/x.com\/ELZA_Institute","https:\/\/www.linkedin.com\/company\/elza-institute?trk=top_nav_home"]},{"@type":"Person","@id":"https:\/\/www.elza-institute.com\/#\/schema\/person\/e3929262886a5a60dd6965a6bc721d15","name":"Mark Hillen","url":"https:\/\/www.elza-institute.com\/pt\/author\/markhillen\/"}]}},"_links":{"self":[{"href":"https:\/\/www.elza-institute.com\/pt\/wp-json\/wp\/v2\/posts\/49283","targetHints":{"allow":["GET"]}}],"collection":[{"href":"https:\/\/www.elza-institute.com\/pt\/wp-json\/wp\/v2\/posts"}],"about":[{"href":"https:\/\/www.elza-institute.com\/pt\/wp-json\/wp\/v2\/types\/post"}],"author":[{"embeddable":true,"href":"https:\/\/www.elza-institute.com\/pt\/wp-json\/wp\/v2\/users\/4"}],"replies":[{"embeddable":true,"href":"https:\/\/www.elza-institute.com\/pt\/wp-json\/wp\/v2\/comments?post=49283"}],"version-history":[{"count":0,"href":"https:\/\/www.elza-institute.com\/pt\/wp-json\/wp\/v2\/posts\/49283\/revisions"}],"wp:featuredmedia":[{"embeddable":true,"href":"https:\/\/www.elza-institute.com\/pt\/wp-json\/wp\/v2\/media\/49228"}],"wp:attachment":[{"href":"https:\/\/www.elza-institute.com\/pt\/wp-json\/wp\/v2\/media?parent=49283"}],"wp:term":[{"taxonomy":"category","embeddable":true,"href":"https:\/\/www.elza-institute.com\/pt\/wp-json\/wp\/v2\/categories?post=49283"},{"taxonomy":"post_tag","embeddable":true,"href":"https:\/\/www.elza-institute.com\/pt\/wp-json\/wp\/v2\/tags?post=49283"}],"curies":[{"name":"wp","href":"https:\/\/api.w.org\/{rel}","templated":true}]}}