{"id":50810,"date":"2025-09-15T08:00:00","date_gmt":"2025-09-15T08:00:00","guid":{"rendered":"https:\/\/www.elza-institute.com\/?p=50810"},"modified":"2025-09-26T09:07:39","modified_gmt":"2025-09-26T09:07:39","slug":"elza-at-escrs-2025-monday-highlights-from-copenhagen","status":"publish","type":"post","link":"https:\/\/www.elza-institute.com\/pt\/elza-at-escrs-2025-monday-highlights-from-copenhagen\/","title":{"rendered":"Destaques de segunda-feira em Copenhaga. ELZA na ESCRS 2025."},"content":{"rendered":"<div data-elementor-type=\"wp-post\" data-elementor-id=\"50810\" class=\"elementor elementor-50810\" data-elementor-post-type=\"post\">\n\t\t\t\t<div class=\"elementor-element elementor-element-456adaf2 e-flex e-con-boxed e-con e-parent\" data-id=\"456adaf2\" data-element_type=\"container\" data-e-type=\"container\">\n\t\t\t\t\t<div class=\"e-con-inner\">\n\t\t\t\t<div class=\"elementor-element elementor-element-76df60b3 elementor-widget elementor-widget-text-editor\" data-id=\"76df60b3\" data-element_type=\"widget\" data-e-type=\"widget\" data-widget_type=\"text-editor.default\">\n\t\t\t\t<div class=\"elementor-widget-container\">\n\t\t\t\t\t\t\t\t\t<p data-start=\"173\" data-end=\"482\">Na, o avan\u00e7o dos cuidados oftalmol\u00f3gicos significa trabalhar na intersec\u00e7\u00e3o entre a inova\u00e7\u00e3o e as necessidades reais dos doentes. Programa de segunda-feira em <a href=\"https:\/\/congress.escrs.org\/\">ESCRS 2025<\/a> em Copenhaga, apresenta essa abordagem, abrangendo a reabilita\u00e7\u00e3o complexa da c\u00f3rnea, conhecimentos sobre rastreio pedi\u00e1trico e estrat\u00e9gias de refra\u00e7\u00e3o com vis\u00e3o de futuro.<br \/><br \/>O dia de encerramento do\u00a0<a style=\"background-color: #ffffff; color: #942227;\" href=\"https:\/\/congress.escrs.org\/\">ESCRS 2025<\/a>\u00a0\u00e9 mais do que um simples encerramento - \u00e9 uma mostra de como a investiga\u00e7\u00e3o e a pr\u00e1tica cir\u00fargica evoluem atrav\u00e9s da partilha de conhecimentos. Para\u00a0<a style=\"background-color: #ffffff; color: #942227;\" href=\"https:\/\/www.elza-institute.com\/pt\/sobre\/\">ELZA<\/a>O objetivo de Monday \u00e9 contribuir com conhecimentos que desafiem as conven\u00e7\u00f5es e ofere\u00e7am solu\u00e7\u00f5es pr\u00e1ticas, desde o avan\u00e7o dos protocolos de reticula\u00e7\u00e3o at\u00e9 \u00e0 otimiza\u00e7\u00e3o da gest\u00e3o do glaucoma.<br \/><br \/><\/p>\n<p><!-- \/wp:paragraph --><\/p>\n<p><!-- wp:heading {\"level\":3} --><\/p>\n<h3 data-start=\"564\" data-end=\"618\"><strong data-start=\"568\" data-end=\"618\">Destaques do programa - Segunda-feira, 15 de setembro de 2025<\/strong><\/h3>\n<p data-start=\"585\" data-end=\"925\"><strong data-start=\"585\" data-end=\"607\">08:00 - 08:05 CEST<\/strong><br data-start=\"607\" data-end=\"610\" \/><strong data-start=\"610\" data-end=\"670\">ELZA-sub400: Resultados de cinco anos em ceratocone ultrafino<\/strong> - Dr. Dr. Emilio Torres-Netto, MD, PhD, FWCRS<br data-start=\"716\" data-end=\"719\" \/><strong data-start=\"719\" data-end=\"732\">Localiza\u00e7\u00e3o:<\/strong> D1 | <strong data-start=\"738\" data-end=\"750\">Sess\u00e3o:<\/strong> CD13 - Resultados a longo prazo no ceratocone<br data-start=\"791\" data-end=\"794\" \/><em><strong data-start=\"794\" data-end=\"809\">Porqu\u00ea participar?<\/strong><\/em> Veja a durabilidade da reticula\u00e7\u00e3o personalizada para c\u00f3rneas &lt;400 \u00b5m e o que isso significa para o controlo da ectasia a longo prazo.<br \/><br \/><\/p>\n<p data-start=\"932\" data-end=\"1237\"><strong data-start=\"932\" data-end=\"954\">10:05 - 10:10 CEST<\/strong><br data-start=\"954\" data-end=\"957\" \/><strong data-start=\"957\" data-end=\"1009\">CXL guiado por topografia: Atualiza\u00e7\u00e3o do protocolo ELZA-PACE<\/strong> - Prof. Dr. Farhad Hafezi, MD, PhD, FARVO<br data-start=\"1051\" data-end=\"1054\" \/><strong data-start=\"1054\" data-end=\"1067\">Localiza\u00e7\u00e3o:<\/strong> D1 | <strong data-start=\"1073\" data-end=\"1085\">Sess\u00e3o:<\/strong> CD14 - Reticula\u00e7\u00e3o de nova gera\u00e7\u00e3o<br data-start=\"1121\" data-end=\"1124\" \/><em><strong data-start=\"1124\" data-end=\"1139\">Porqu\u00ea participar?<\/strong><\/em> Saiba como a remo\u00e7\u00e3o epitelial direcionada pode melhorar os resultados biomec\u00e2nicos, preservando simultaneamente os tecidos.<br \/><br \/><\/p>\n<p data-start=\"1244\" data-end=\"1573\"><strong data-start=\"1244\" data-end=\"1266\">12:30 - 12:35 CEST<\/strong><br data-start=\"1266\" data-end=\"1269\" \/><strong data-start=\"1269\" data-end=\"1339\">Cirurgia minimamente invasiva do glaucoma: Equil\u00edbrio entre efic\u00e1cia e seguran\u00e7a<\/strong> - Prof. Dr. Kaweh Mansouri, MD, MPH<br data-start=\"1375\" data-end=\"1378\" \/><strong data-start=\"1378\" data-end=\"1391\">Localiza\u00e7\u00e3o:<\/strong> Audit\u00f3rio 10 <strong data-start=\"1408\" data-end=\"1420\">Sess\u00e3o:<\/strong> GD09 - Inova\u00e7\u00f5es cir\u00fargicas no glaucoma<br data-start=\"1460\" data-end=\"1463\" \/><em><strong data-start=\"1463\" data-end=\"1478\">Porqu\u00ea participar?<\/strong> <\/em>Explore as mais recentes op\u00e7\u00f5es de MIGS com \u00eanfase na seguran\u00e7a do doente e no controlo da press\u00e3o a longo prazo.<br \/><br \/><\/p>\n<p data-start=\"1580\" data-end=\"1903\"><strong data-start=\"1580\" data-end=\"1602\">14:15 - 14:20 CEST<\/strong><br data-start=\"1602\" data-end=\"1605\" \/><strong data-start=\"1605\" data-end=\"1672\">PACK-CXL de alta influ\u00eancia para a queratite infecciosa: P\u00e9rolas cl\u00ednicas<\/strong> - Prof. Dr. Farhad Hafezi, MD, PhD, FARVO<br data-start=\"1714\" data-end=\"1717\" \/><strong data-start=\"1717\" data-end=\"1730\">Localiza\u00e7\u00e3o:<\/strong> D1 | <strong data-start=\"1736\" data-end=\"1748\">Sess\u00e3o:<\/strong> CD15 - Gest\u00e3o da infe\u00e7\u00e3o da c\u00f3rnea<br data-start=\"1784\" data-end=\"1787\" \/><em><strong data-start=\"1787\" data-end=\"1802\">Porqu\u00ea participar?<\/strong><\/em> Obtenha informa\u00e7\u00f5es pr\u00e1ticas sobre a utiliza\u00e7\u00e3o do PACK-CXL como uma interven\u00e7\u00e3o r\u00e1pida e antimicrobiana nas \u00falceras da c\u00f3rnea.<br \/><br \/><\/p>\n<p data-start=\"1910\" data-end=\"2227\"><strong data-start=\"1910\" data-end=\"1932\">15:40 - 15:45 CEST<\/strong><br data-start=\"1932\" data-end=\"1935\" \/><strong data-start=\"1935\" data-end=\"1997\">Combina\u00e7\u00e3o de ceratoplastia com laser de femtosegundo com CXL avan\u00e7ado<\/strong> - PD. Dr. Dr. Lamis Baydoun, MD, PhD<br data-start=\"2034\" data-end=\"2037\" \/><strong data-start=\"2037\" data-end=\"2050\">Localiza\u00e7\u00e3o:<\/strong> D1 | <strong data-start=\"2056\" data-end=\"2068\">Sess\u00e3o:<\/strong> CD16 - Casos de ceratoplastia complexa<br data-start=\"2102\" data-end=\"2105\" \/><em><strong data-start=\"2105\" data-end=\"2120\">Porqu\u00ea participar?<\/strong><\/em> Compreender a sinergia entre o enxerto de precis\u00e3o e o refor\u00e7o biomec\u00e2nico na cirurgia da c\u00f3rnea de alto risco.<br \/><br \/><\/p>\n<p data-start=\"1646\" data-end=\"1967\">Desde dados sobre ceratocone no in\u00edcio da manh\u00e3 at\u00e9 enxertos complexos no final da tarde, a segunda-feira no ESCRS 2025 sublinha o papel do ELZA no aperfei\u00e7oamento de t\u00e9cnicas que t\u00eam um impacto direto nos resultados dos pacientes - terminando o congresso com uma nota de inova\u00e7\u00e3o e relev\u00e2ncia cl\u00ednica.<\/p>\n<p><!-- \/wp:paragraph --><\/p>\n<p><!-- wp:paragraph --><\/p>\n<p><!-- \/wp:paragraph --><\/p>\n<p><!-- wp:paragraph --><\/p>\n<p><!-- \/wp:paragraph --><\/p>\t\t\t\t\t\t\t\t<\/div>\n\t\t\t\t<\/div>\n\t\t\t\t\t<\/div>\n\t\t\t\t<\/div>\n\t\t<div class=\"elementor-element elementor-element-4e22e43 e-flex e-con-boxed e-con e-parent\" data-id=\"4e22e43\" data-element_type=\"container\" data-e-type=\"container\">\n\t\t\t\t\t<div class=\"e-con-inner\">\n\t\t\t\t<div class=\"elementor-element elementor-element-f4f8356 elementor-widget elementor-widget-image\" data-id=\"f4f8356\" data-element_type=\"widget\" data-e-type=\"widget\" data-widget_type=\"image.default\">\n\t\t\t\t<div class=\"elementor-widget-container\">\n\t\t\t\t\t\t\t\t\t\t\t\t\t\t\t<img fetchpriority=\"high\" decoding=\"async\" width=\"781\" height=\"100\" src=\"https:\/\/www.elza-institute.com\/wp-content\/uploads\/2025\/08\/ESCRS-Copenhagen-2025-horizontal.png\" class=\"attachment-large size-large wp-image-50813\" alt=\"ESCRS 2025 Instituto ELZA\" srcset=\"https:\/\/www.elza-institute.com\/wp-content\/uploads\/2025\/08\/ESCRS-Copenhagen-2025-horizontal.png 781w, https:\/\/www.elza-institute.com\/wp-content\/uploads\/2025\/08\/ESCRS-Copenhagen-2025-horizontal-300x38.png 300w, https:\/\/www.elza-institute.com\/wp-content\/uploads\/2025\/08\/ESCRS-Copenhagen-2025-horizontal-768x98.png 768w, https:\/\/www.elza-institute.com\/wp-content\/uploads\/2025\/08\/ESCRS-Copenhagen-2025-horizontal-18x2.png 18w\" sizes=\"(max-width: 781px) 100vw, 781px\" \/>\t\t\t\t\t\t\t\t\t\t\t\t\t\t\t<\/div>\n\t\t\t\t<\/div>\n\t\t\t\t\t<\/div>\n\t\t\t\t<\/div>\n\t\t<div class=\"elementor-element elementor-element-ec37101 e-flex e-con-boxed e-con e-parent\" data-id=\"ec37101\" data-element_type=\"container\" data-e-type=\"container\">\n\t\t\t\t\t<div class=\"e-con-inner\">\n\t\t\t\t<div class=\"elementor-element elementor-element-4002e68 elementor-widget elementor-widget-image\" data-id=\"4002e68\" data-element_type=\"widget\" data-e-type=\"widget\" data-widget_type=\"image.default\">\n\t\t\t\t<div class=\"elementor-widget-container\">\n\t\t\t\t\t\t\t\t\t\t\t\t\t\t\t<img decoding=\"async\" width=\"800\" height=\"534\" src=\"https:\/\/www.elza-institute.com\/wp-content\/uploads\/2025\/09\/ELZA-team-at-ESCRS-2025-Copenhagen-1024x683.jpg\" class=\"attachment-large size-large wp-image-51057\" alt=\"\" srcset=\"https:\/\/www.elza-institute.com\/wp-content\/uploads\/2025\/09\/ELZA-team-at-ESCRS-2025-Copenhagen-1024x683.jpg 1024w, https:\/\/www.elza-institute.com\/wp-content\/uploads\/2025\/09\/ELZA-team-at-ESCRS-2025-Copenhagen-300x200.jpg 300w, https:\/\/www.elza-institute.com\/wp-content\/uploads\/2025\/09\/ELZA-team-at-ESCRS-2025-Copenhagen-768x512.jpg 768w, https:\/\/www.elza-institute.com\/wp-content\/uploads\/2025\/09\/ELZA-team-at-ESCRS-2025-Copenhagen-18x12.jpg 18w, https:\/\/www.elza-institute.com\/wp-content\/uploads\/2025\/09\/ELZA-team-at-ESCRS-2025-Copenhagen.jpg 1248w\" sizes=\"(max-width: 800px) 100vw, 800px\" \/>\t\t\t\t\t\t\t\t\t\t\t\t\t\t\t<\/div>\n\t\t\t\t<\/div>\n\t\t\t\t\t<\/div>\n\t\t\t\t<\/div>\n\t\t\t\t<\/div>","protected":false},"excerpt":{"rendered":"<p>Destaques das sess\u00f5es de s\u00e1bado do Instituto ELZA da ESCRS 2025 em Copenhaga, com avan\u00e7os em ceratocone, glaucoma e cirurgia da c\u00f3rnea<\/p>","protected":false},"author":4,"featured_media":51149,"comment_status":"closed","ping_status":"closed","sticky":false,"template":"","format":"standard","meta":{"_acf_changed":false,"footnotes":""},"categories":[243,214,279,548,1,97],"tags":[1293,778,125,130,100,993,945,995,133,104,109,832,1292,119,122],"class_list":["post-50810","post","type-post","status-publish","format-standard","has-post-thumbnail","hentry","category-emilio-torres","category-farhad-hafezi","category-lamis-baydoun","category-leonard-kollros","category-general-news","category-podium-power","tag-basic-science","tag-cairs","tag-cornea","tag-cross-linking","tag-cxl","tag-eco-cairs","tag-elza-pace","tag-elza-sub400","tag-epi-off","tag-pack-cxl","tag-pellucid-marginal-degeneration","tag-rehabilitation","tag-science","tag-thin-corneas","tag-translational-research"],"acf":[],"yoast_head":"<!-- This site is optimized with the Yoast SEO plugin v27.4 - https:\/\/yoast.com\/product\/yoast-seo-wordpress\/ -->\n<title>Monday&#039;s Highlights from Copenhagen. ELZA at ESCRS 2025. - The ELZA Institute<\/title>\n<meta name=\"robots\" content=\"index, follow, max-snippet:-1, max-image-preview:large, max-video-preview:-1\" \/>\n<link rel=\"canonical\" href=\"https:\/\/www.elza-institute.com\/pt\/elza-at-escrs-2025-monday-highlights-from-copenhagen\/\" \/>\n<meta property=\"og:locale\" content=\"pt_PT\" \/>\n<meta property=\"og:type\" content=\"article\" \/>\n<meta property=\"og:title\" content=\"Monday&#039;s Highlights from Copenhagen. ELZA at ESCRS 2025. - The ELZA Institute\" \/>\n<meta property=\"og:description\" content=\"Highlights from ESCRS 2025 ELZA Institute Sunday sessions in Copenhagen, featuring advances in keratoconus, glaucoma, and corneal surgery\" \/>\n<meta property=\"og:url\" content=\"https:\/\/www.elza-institute.com\/pt\/elza-at-escrs-2025-monday-highlights-from-copenhagen\/\" \/>\n<meta property=\"og:site_name\" content=\"The ELZA Institute\" \/>\n<meta property=\"article:publisher\" content=\"https:\/\/www.facebook.com\/ELZA.Institute\/\" \/>\n<meta property=\"article:published_time\" content=\"2025-09-15T08:00:00+00:00\" \/>\n<meta property=\"article:modified_time\" content=\"2025-09-26T09:07:39+00:00\" \/>\n<meta property=\"og:image\" content=\"https:\/\/www.elza-institute.com\/wp-content\/uploads\/2025\/09\/Monday-featured-image.jpg\" \/>\n\t<meta property=\"og:image:width\" content=\"1200\" \/>\n\t<meta property=\"og:image:height\" content=\"600\" \/>\n\t<meta property=\"og:image:type\" content=\"image\/jpeg\" \/>\n<meta name=\"author\" content=\"Mark Hillen\" \/>\n<meta name=\"twitter:label1\" content=\"Escrito por\" \/>\n\t<meta name=\"twitter:data1\" content=\"Mark Hillen\" \/>\n\t<meta name=\"twitter:label2\" content=\"Tempo estimado de leitura\" \/>\n\t<meta name=\"twitter:data2\" content=\"2 minutos\" \/>\n<script type=\"application\/ld+json\" class=\"yoast-schema-graph\">{\"@context\":\"https:\\\/\\\/schema.org\",\"@graph\":[{\"@type\":\"Article\",\"@id\":\"https:\\\/\\\/www.elza-institute.com\\\/elza-at-escrs-2025-monday-highlights-from-copenhagen\\\/#article\",\"isPartOf\":{\"@id\":\"https:\\\/\\\/www.elza-institute.com\\\/elza-at-escrs-2025-monday-highlights-from-copenhagen\\\/\"},\"author\":{\"name\":\"Mark Hillen\",\"@id\":\"https:\\\/\\\/www.elza-institute.com\\\/#\\\/schema\\\/person\\\/e3929262886a5a60dd6965a6bc721d15\"},\"headline\":\"Monday&#8217;s Highlights from Copenhagen. ELZA at ESCRS 2025.\",\"datePublished\":\"2025-09-15T08:00:00+00:00\",\"dateModified\":\"2025-09-26T09:07:39+00:00\",\"mainEntityOfPage\":{\"@id\":\"https:\\\/\\\/www.elza-institute.com\\\/elza-at-escrs-2025-monday-highlights-from-copenhagen\\\/\"},\"wordCount\":319,\"publisher\":{\"@id\":\"https:\\\/\\\/www.elza-institute.com\\\/#organization\"},\"image\":{\"@id\":\"https:\\\/\\\/www.elza-institute.com\\\/elza-at-escrs-2025-monday-highlights-from-copenhagen\\\/#primaryimage\"},\"thumbnailUrl\":\"https:\\\/\\\/www.elza-institute.com\\\/wp-content\\\/uploads\\\/2025\\\/09\\\/Monday-featured-image.jpg\",\"keywords\":[\"basic science\",\"cairs\",\"Cornea\",\"Cross-Linking\",\"CXL\",\"eco-cairs\",\"elza-pace\",\"ELZA-SUB400\",\"epi-off\",\"PACK-CXL\",\"Pellucid Marginal Degeneration (PMD)\",\"rehabilitation\",\"science\",\"Thin corneas\",\"Translational Research\"],\"articleSection\":[\"Emilio Torres\",\"Farhad Hafezi\",\"Lamis Baydoun\",\"L\u00e9onard Kollros\",\"News\",\"Podium Power\"],\"inLanguage\":\"pt-PT\"},{\"@type\":\"WebPage\",\"@id\":\"https:\\\/\\\/www.elza-institute.com\\\/elza-at-escrs-2025-monday-highlights-from-copenhagen\\\/\",\"url\":\"https:\\\/\\\/www.elza-institute.com\\\/elza-at-escrs-2025-monday-highlights-from-copenhagen\\\/\",\"name\":\"Monday's Highlights from Copenhagen. ELZA at ESCRS 2025. - The ELZA Institute\",\"isPartOf\":{\"@id\":\"https:\\\/\\\/www.elza-institute.com\\\/#website\"},\"primaryImageOfPage\":{\"@id\":\"https:\\\/\\\/www.elza-institute.com\\\/elza-at-escrs-2025-monday-highlights-from-copenhagen\\\/#primaryimage\"},\"image\":{\"@id\":\"https:\\\/\\\/www.elza-institute.com\\\/elza-at-escrs-2025-monday-highlights-from-copenhagen\\\/#primaryimage\"},\"thumbnailUrl\":\"https:\\\/\\\/www.elza-institute.com\\\/wp-content\\\/uploads\\\/2025\\\/09\\\/Monday-featured-image.jpg\",\"datePublished\":\"2025-09-15T08:00:00+00:00\",\"dateModified\":\"2025-09-26T09:07:39+00:00\",\"breadcrumb\":{\"@id\":\"https:\\\/\\\/www.elza-institute.com\\\/elza-at-escrs-2025-monday-highlights-from-copenhagen\\\/#breadcrumb\"},\"inLanguage\":\"pt-PT\",\"potentialAction\":[{\"@type\":\"ReadAction\",\"target\":[\"https:\\\/\\\/www.elza-institute.com\\\/elza-at-escrs-2025-monday-highlights-from-copenhagen\\\/\"]}]},{\"@type\":\"ImageObject\",\"inLanguage\":\"pt-PT\",\"@id\":\"https:\\\/\\\/www.elza-institute.com\\\/elza-at-escrs-2025-monday-highlights-from-copenhagen\\\/#primaryimage\",\"url\":\"https:\\\/\\\/www.elza-institute.com\\\/wp-content\\\/uploads\\\/2025\\\/09\\\/Monday-featured-image.jpg\",\"contentUrl\":\"https:\\\/\\\/www.elza-institute.com\\\/wp-content\\\/uploads\\\/2025\\\/09\\\/Monday-featured-image.jpg\",\"width\":1200,\"height\":600},{\"@type\":\"BreadcrumbList\",\"@id\":\"https:\\\/\\\/www.elza-institute.com\\\/elza-at-escrs-2025-monday-highlights-from-copenhagen\\\/#breadcrumb\",\"itemListElement\":[{\"@type\":\"ListItem\",\"position\":1,\"name\":\"Home\",\"item\":\"https:\\\/\\\/www.elza-institute.com\\\/\"},{\"@type\":\"ListItem\",\"position\":2,\"name\":\"News\",\"item\":\"https:\\\/\\\/www.elza-institute.com\\\/general-news\\\/\"},{\"@type\":\"ListItem\",\"position\":3,\"name\":\"Monday&#8217;s Highlights from Copenhagen. ELZA at ESCRS 2025.\"}]},{\"@type\":\"WebSite\",\"@id\":\"https:\\\/\\\/www.elza-institute.com\\\/#website\",\"url\":\"https:\\\/\\\/www.elza-institute.com\\\/\",\"name\":\"The ELZA Institute\",\"description\":\"Swiss EyeCare at its finest\",\"publisher\":{\"@id\":\"https:\\\/\\\/www.elza-institute.com\\\/#organization\"},\"potentialAction\":[{\"@type\":\"SearchAction\",\"target\":{\"@type\":\"EntryPoint\",\"urlTemplate\":\"https:\\\/\\\/www.elza-institute.com\\\/?s={search_term_string}\"},\"query-input\":{\"@type\":\"PropertyValueSpecification\",\"valueRequired\":true,\"valueName\":\"search_term_string\"}}],\"inLanguage\":\"pt-PT\"},{\"@type\":\"Organization\",\"@id\":\"https:\\\/\\\/www.elza-institute.com\\\/#organization\",\"name\":\"The ELZA Institute\",\"url\":\"https:\\\/\\\/www.elza-institute.com\\\/\",\"logo\":{\"@type\":\"ImageObject\",\"inLanguage\":\"pt-PT\",\"@id\":\"https:\\\/\\\/www.elza-institute.com\\\/#\\\/schema\\\/logo\\\/image\\\/\",\"url\":\"https:\\\/\\\/www.elza-institute.com\\\/wp-content\\\/uploads\\\/2016\\\/04\\\/ELZA-logo-V4.jpg\",\"contentUrl\":\"https:\\\/\\\/www.elza-institute.com\\\/wp-content\\\/uploads\\\/2016\\\/04\\\/ELZA-logo-V4.jpg\",\"width\":1181,\"height\":453,\"caption\":\"The ELZA Institute\"},\"image\":{\"@id\":\"https:\\\/\\\/www.elza-institute.com\\\/#\\\/schema\\\/logo\\\/image\\\/\"},\"sameAs\":[\"https:\\\/\\\/www.facebook.com\\\/ELZA.Institute\\\/\",\"https:\\\/\\\/x.com\\\/ELZA_Institute\",\"https:\\\/\\\/www.linkedin.com\\\/company\\\/elza-institute?trk=top_nav_home\"]},{\"@type\":\"Person\",\"@id\":\"https:\\\/\\\/www.elza-institute.com\\\/#\\\/schema\\\/person\\\/e3929262886a5a60dd6965a6bc721d15\",\"name\":\"Mark Hillen\",\"url\":\"https:\\\/\\\/www.elza-institute.com\\\/pt\\\/author\\\/markhillen\\\/\"}]}<\/script>\n<!-- \/ Yoast SEO plugin. -->","yoast_head_json":{"title":"ELZA na ESCRS 2025 - Destaques de segunda-feira em Copenhaga - O Instituto ELZA","robots":{"index":"index","follow":"follow","max-snippet":"max-snippet:-1","max-image-preview":"max-image-preview:large","max-video-preview":"max-video-preview:-1"},"canonical":"https:\/\/www.elza-institute.com\/pt\/elza-at-escrs-2025-monday-highlights-from-copenhagen\/","og_locale":"pt_PT","og_type":"article","og_title":"Monday's Highlights from Copenhagen. ELZA at ESCRS 2025. - The ELZA Institute","og_description":"Highlights from ESCRS 2025 ELZA Institute Sunday sessions in Copenhagen, featuring advances in keratoconus, glaucoma, and corneal surgery","og_url":"https:\/\/www.elza-institute.com\/pt\/elza-at-escrs-2025-monday-highlights-from-copenhagen\/","og_site_name":"The ELZA Institute","article_publisher":"https:\/\/www.facebook.com\/ELZA.Institute\/","article_published_time":"2025-09-15T08:00:00+00:00","article_modified_time":"2025-09-26T09:07:39+00:00","og_image":[{"width":1200,"height":600,"url":"https:\/\/www.elza-institute.com\/wp-content\/uploads\/2025\/09\/Monday-featured-image.jpg","type":"image\/jpeg"}],"author":"Mark Hillen","twitter_misc":{"Escrito por":"Mark Hillen","Tempo estimado de leitura":"2 minutos"},"schema":{"@context":"https:\/\/schema.org","@graph":[{"@type":"Article","@id":"https:\/\/www.elza-institute.com\/elza-at-escrs-2025-monday-highlights-from-copenhagen\/#article","isPartOf":{"@id":"https:\/\/www.elza-institute.com\/elza-at-escrs-2025-monday-highlights-from-copenhagen\/"},"author":{"name":"Mark Hillen","@id":"https:\/\/www.elza-institute.com\/#\/schema\/person\/e3929262886a5a60dd6965a6bc721d15"},"headline":"Monday&#8217;s Highlights from Copenhagen. ELZA at ESCRS 2025.","datePublished":"2025-09-15T08:00:00+00:00","dateModified":"2025-09-26T09:07:39+00:00","mainEntityOfPage":{"@id":"https:\/\/www.elza-institute.com\/elza-at-escrs-2025-monday-highlights-from-copenhagen\/"},"wordCount":319,"publisher":{"@id":"https:\/\/www.elza-institute.com\/#organization"},"image":{"@id":"https:\/\/www.elza-institute.com\/elza-at-escrs-2025-monday-highlights-from-copenhagen\/#primaryimage"},"thumbnailUrl":"https:\/\/www.elza-institute.com\/wp-content\/uploads\/2025\/09\/Monday-featured-image.jpg","keywords":["basic science","cairs","Cornea","Cross-Linking","CXL","eco-cairs","elza-pace","ELZA-SUB400","epi-off","PACK-CXL","Pellucid Marginal Degeneration (PMD)","rehabilitation","science","Thin corneas","Translational Research"],"articleSection":["Emilio Torres","Farhad Hafezi","Lamis Baydoun","L\u00e9onard Kollros","News","Podium Power"],"inLanguage":"pt-PT"},{"@type":"WebPage","@id":"https:\/\/www.elza-institute.com\/elza-at-escrs-2025-monday-highlights-from-copenhagen\/","url":"https:\/\/www.elza-institute.com\/elza-at-escrs-2025-monday-highlights-from-copenhagen\/","name":"ELZA na ESCRS 2025 - Destaques de segunda-feira em Copenhaga - O Instituto ELZA","isPartOf":{"@id":"https:\/\/www.elza-institute.com\/#website"},"primaryImageOfPage":{"@id":"https:\/\/www.elza-institute.com\/elza-at-escrs-2025-monday-highlights-from-copenhagen\/#primaryimage"},"image":{"@id":"https:\/\/www.elza-institute.com\/elza-at-escrs-2025-monday-highlights-from-copenhagen\/#primaryimage"},"thumbnailUrl":"https:\/\/www.elza-institute.com\/wp-content\/uploads\/2025\/09\/Monday-featured-image.jpg","datePublished":"2025-09-15T08:00:00+00:00","dateModified":"2025-09-26T09:07:39+00:00","breadcrumb":{"@id":"https:\/\/www.elza-institute.com\/elza-at-escrs-2025-monday-highlights-from-copenhagen\/#breadcrumb"},"inLanguage":"pt-PT","potentialAction":[{"@type":"ReadAction","target":["https:\/\/www.elza-institute.com\/elza-at-escrs-2025-monday-highlights-from-copenhagen\/"]}]},{"@type":"ImageObject","inLanguage":"pt-PT","@id":"https:\/\/www.elza-institute.com\/elza-at-escrs-2025-monday-highlights-from-copenhagen\/#primaryimage","url":"https:\/\/www.elza-institute.com\/wp-content\/uploads\/2025\/09\/Monday-featured-image.jpg","contentUrl":"https:\/\/www.elza-institute.com\/wp-content\/uploads\/2025\/09\/Monday-featured-image.jpg","width":1200,"height":600},{"@type":"BreadcrumbList","@id":"https:\/\/www.elza-institute.com\/elza-at-escrs-2025-monday-highlights-from-copenhagen\/#breadcrumb","itemListElement":[{"@type":"ListItem","position":1,"name":"Home","item":"https:\/\/www.elza-institute.com\/"},{"@type":"ListItem","position":2,"name":"News","item":"https:\/\/www.elza-institute.com\/general-news\/"},{"@type":"ListItem","position":3,"name":"Monday&#8217;s Highlights from Copenhagen. ELZA at ESCRS 2025."}]},{"@type":"WebSite","@id":"https:\/\/www.elza-institute.com\/#website","url":"https:\/\/www.elza-institute.com\/","name":"O Instituto ELZA","description":"Swiss EyeCare no seu melhor","publisher":{"@id":"https:\/\/www.elza-institute.com\/#organization"},"potentialAction":[{"@type":"SearchAction","target":{"@type":"EntryPoint","urlTemplate":"https:\/\/www.elza-institute.com\/?s={search_term_string}"},"query-input":{"@type":"PropertyValueSpecification","valueRequired":true,"valueName":"search_term_string"}}],"inLanguage":"pt-PT"},{"@type":"Organization","@id":"https:\/\/www.elza-institute.com\/#organization","name":"O Instituto ELZA","url":"https:\/\/www.elza-institute.com\/","logo":{"@type":"ImageObject","inLanguage":"pt-PT","@id":"https:\/\/www.elza-institute.com\/#\/schema\/logo\/image\/","url":"https:\/\/www.elza-institute.com\/wp-content\/uploads\/2016\/04\/ELZA-logo-V4.jpg","contentUrl":"https:\/\/www.elza-institute.com\/wp-content\/uploads\/2016\/04\/ELZA-logo-V4.jpg","width":1181,"height":453,"caption":"The ELZA Institute"},"image":{"@id":"https:\/\/www.elza-institute.com\/#\/schema\/logo\/image\/"},"sameAs":["https:\/\/www.facebook.com\/ELZA.Institute\/","https:\/\/x.com\/ELZA_Institute","https:\/\/www.linkedin.com\/company\/elza-institute?trk=top_nav_home"]},{"@type":"Person","@id":"https:\/\/www.elza-institute.com\/#\/schema\/person\/e3929262886a5a60dd6965a6bc721d15","name":"Mark Hillen","url":"https:\/\/www.elza-institute.com\/pt\/author\/markhillen\/"}]}},"_links":{"self":[{"href":"https:\/\/www.elza-institute.com\/pt\/wp-json\/wp\/v2\/posts\/50810","targetHints":{"allow":["GET"]}}],"collection":[{"href":"https:\/\/www.elza-institute.com\/pt\/wp-json\/wp\/v2\/posts"}],"about":[{"href":"https:\/\/www.elza-institute.com\/pt\/wp-json\/wp\/v2\/types\/post"}],"author":[{"embeddable":true,"href":"https:\/\/www.elza-institute.com\/pt\/wp-json\/wp\/v2\/users\/4"}],"replies":[{"embeddable":true,"href":"https:\/\/www.elza-institute.com\/pt\/wp-json\/wp\/v2\/comments?post=50810"}],"version-history":[{"count":0,"href":"https:\/\/www.elza-institute.com\/pt\/wp-json\/wp\/v2\/posts\/50810\/revisions"}],"wp:featuredmedia":[{"embeddable":true,"href":"https:\/\/www.elza-institute.com\/pt\/wp-json\/wp\/v2\/media\/51149"}],"wp:attachment":[{"href":"https:\/\/www.elza-institute.com\/pt\/wp-json\/wp\/v2\/media?parent=50810"}],"wp:term":[{"taxonomy":"category","embeddable":true,"href":"https:\/\/www.elza-institute.com\/pt\/wp-json\/wp\/v2\/categories?post=50810"},{"taxonomy":"post_tag","embeddable":true,"href":"https:\/\/www.elza-institute.com\/pt\/wp-json\/wp\/v2\/tags?post=50810"}],"curies":[{"name":"wp","href":"https:\/\/api.w.org\/{rel}","templated":true}]}}