{"id":552639,"date":"2026-04-24T15:08:55","date_gmt":"2026-04-24T15:08:55","guid":{"rendered":"https:\/\/www.elza-institute.com\/?p=552639"},"modified":"2026-04-24T15:08:56","modified_gmt":"2026-04-24T15:08:56","slug":"evolving-management-ectatic-corneal-disease","status":"publish","type":"post","link":"https:\/\/www.elza-institute.com\/pt\/evolving-management-ectatic-corneal-disease\/","title":{"rendered":"A Gest\u00e3o Evolutiva da Doen\u00e7a Corneana Ectasiante"},"content":{"rendered":"<div data-elementor-type=\"wp-post\" data-elementor-id=\"552639\" class=\"elementor elementor-552639\" data-elementor-post-type=\"post\">\n\t\t\t\t<div class=\"elementor-element elementor-element-a009720 e-flex e-con-boxed e-con e-parent\" data-id=\"a009720\" data-element_type=\"container\" data-e-type=\"container\">\n\t\t\t\t\t<div class=\"e-con-inner\">\n\t\t<div class=\"elementor-element elementor-element-ce8c811 e-con-full e-flex e-con e-child\" data-id=\"ce8c811\" data-element_type=\"container\" data-e-type=\"container\">\n\t\t\t\t<div class=\"elementor-element elementor-element-b3a9ee1 elementor-widget elementor-widget-text-editor\" data-id=\"b3a9ee1\" data-element_type=\"widget\" data-e-type=\"widget\" data-widget_type=\"text-editor.default\">\n\t\t\t\t<div class=\"elementor-widget-container\">\n\t\t\t\t\t\t\t\t\t<h4>A Gest\u00e3o Evolutiva da Doen\u00e7a Corneana Ectasiante<\/h4><p>A gest\u00e3o do ceratocono pode alguma vez ser verdadeiramente padronizada quando a resposta biol\u00f3gica da c\u00f3rnea permanece t\u00e3o individual? Esta quest\u00e3o situa-se no centro da cirurgia da c\u00f3rnea moderna, especialmente \u00e0 medida que os praticantes se afastam de tratamentos reativos para uma interven\u00e7\u00e3o precoce e baseada em evid\u00eancias. Em 24 de abril de 2026, a Cl\u00ednica Oftalmol\u00f3gica \u201cProf. dr. Ivan Stankovi\u0107\u201d KBC Zvezdara em Belgrado assinalou o seu 60.\u00ba anivers\u00e1rio acolhendo o simp\u00f3sio \u201cCurrent in Ophthalmology\u201d, que sublinhou a mudan\u00e7a cont\u00ednua dos paradigmas cir\u00fargicos tradicionais para abordagens inovadoras e personalizadas.<\/p><h4>Contexto Cl\u00ednico e o Limiar para Interven\u00e7\u00e3o<\/h4><p>Durante d\u00e9cadas, o objetivo principal no tratamento do ceratocone foi a reabilita\u00e7\u00e3o visual, muitas vezes envolvendo lentes de contacto r\u00edgidas ou, em casos avan\u00e7ados, ceratoplastia penetrante. A introdu\u00e7\u00e3o do cross-linking da c\u00f3rnea (CXL) alterou fundamentalmente esta trajet\u00f3ria, fornecendo um m\u00e9todo para deter a progress\u00e3o da doen\u00e7a. No entanto, como discutido pelo Professor Farhad Hafezi do ELZA Institute durante o Jubileu de Belgrado, o foco cl\u00ednico expandiu-se para al\u00e9m da mera estabiliza\u00e7\u00e3o. O desafio atual reside em equilibrar o momento da interven\u00e7\u00e3o com as nuances da biologia individual do paciente.<\/p><p>Embora a efic\u00e1cia do protocolo de Dresden esteja bem documentada, as limita\u00e7\u00f5es de uma abordagem universal tornam-se cada vez mais evidentes. Fatores como a espessura da c\u00f3rnea, a idade do paciente e a taxa de progress\u00e3o exigem uma estrat\u00e9gia mais refinada. A evid\u00eancia sugere agora que um tratamento inovador n\u00e3o \u00e9 definido por uma \u00fanica tecnologia, mas pela capacidade de adaptar os par\u00e2metros fotoqu\u00edmicos \u00e0s necessidades biomec\u00e2nicas espec\u00edficas do olho.<\/p>\t\t\t\t\t\t\t\t<\/div>\n\t\t\t\t<\/div>\n\t\t\t\t<\/div>\n\t\t\t\t\t<\/div>\n\t\t\t\t<\/div>\n\t\t<div class=\"elementor-element elementor-element-94eb5cb e-flex e-con-boxed e-con e-parent\" data-id=\"94eb5cb\" data-element_type=\"container\" data-e-type=\"container\">\n\t\t\t\t\t<div class=\"e-con-inner\">\n\t\t<div class=\"elementor-element elementor-element-1675615 e-con-full e-flex e-con e-child\" data-id=\"1675615\" data-element_type=\"container\" data-e-type=\"container\">\n\t\t\t\t<div class=\"elementor-element elementor-element-d3632fa elementor-widget elementor-widget-image\" data-id=\"d3632fa\" data-element_type=\"widget\" data-e-type=\"widget\" data-widget_type=\"image.default\">\n\t\t\t\t<div class=\"elementor-widget-container\">\n\t\t\t\t\t\t\t\t\t\t\t\t\t\t\t<img fetchpriority=\"high\" decoding=\"async\" width=\"683\" height=\"1024\" src=\"https:\/\/www.elza-institute.com\/wp-content\/uploads\/2026\/04\/Ferin-in-Serbia-2026-2-683x1024.jpg\" class=\"attachment-large size-large wp-image-552641\" alt=\"\" srcset=\"https:\/\/www.elza-institute.com\/wp-content\/uploads\/2026\/04\/Ferin-in-Serbia-2026-2-683x1024.jpg 683w, https:\/\/www.elza-institute.com\/wp-content\/uploads\/2026\/04\/Ferin-in-Serbia-2026-2-200x300.jpg 200w, https:\/\/www.elza-institute.com\/wp-content\/uploads\/2026\/04\/Ferin-in-Serbia-2026-2-768x1152.jpg 768w, https:\/\/www.elza-institute.com\/wp-content\/uploads\/2026\/04\/Ferin-in-Serbia-2026-2-8x12.jpg 8w, https:\/\/www.elza-institute.com\/wp-content\/uploads\/2026\/04\/Ferin-in-Serbia-2026-2.jpg 1024w\" sizes=\"(max-width: 683px) 100vw, 683px\" \/>\t\t\t\t\t\t\t\t\t\t\t\t\t\t\t<\/div>\n\t\t\t\t<\/div>\n\t\t\t\t<\/div>\n\t\t<div class=\"elementor-element elementor-element-898d199 e-con-full e-flex e-con e-child\" data-id=\"898d199\" data-element_type=\"container\" data-e-type=\"container\">\n\t\t\t\t<div class=\"elementor-element elementor-element-9736083 elementor-widget elementor-widget-text-editor\" data-id=\"9736083\" data-element_type=\"widget\" data-e-type=\"widget\" data-widget_type=\"text-editor.default\">\n\t\t\t\t<div class=\"elementor-widget-container\">\n\t\t\t\t\t\t\t\t\t<h4>Examinar os Limites do Transplante Moderno<\/h4><p>Mesmo com uma interven\u00e7\u00e3o mais precoce, a necessidade de transplante de c\u00f3rnea continua a ser uma realidade para muitos doentes com ectasia avan\u00e7ada ou cicatrizes. O simp\u00f3sio destacou a transi\u00e7\u00e3o da ceratoplastia penetrante de espessura total para t\u00e9cnicas lamelares, como a DALK e a DSAEK. Estas abordagens modernas oferecem uma clara vantagem biol\u00f3gica ao preservar o endot\u00e9lio do pr\u00f3prio doente, no entanto, n\u00e3o est\u00e3o isentas de desvantagens.<\/p><p>A complexidade cir\u00fargica dos procedimentos lamelares \u00e9 maior e os resultados visuais, querendo muitas vezes ser superiores a longo prazo, dependem fortemente da qualidade da interface entre o tecido do dador e o hospedeiro. Al\u00e9m disso, discuss\u00f5es sobre c\u00f3rneas artificiais sugerem que, embora continuem a ser uma op\u00e7\u00e3o importante para casos complexos, n\u00e3o substitu\u00edram a prefer\u00eancia cl\u00ednica pelo tecido de dador humano em doen\u00e7as ect\u00e1sicas prim\u00e1rias. A plausibilidade biol\u00f3gica da integra\u00e7\u00e3o sint\u00e9tica a longo prazo continua sob investiga\u00e7\u00e3o, em vez de ser um facto cl\u00ednico estabelecido.<\/p>\t\t\t\t\t\t\t\t<\/div>\n\t\t\t\t<\/div>\n\t\t\t\t<\/div>\n\t\t\t\t\t<\/div>\n\t\t\t\t<\/div>\n\t\t<div class=\"elementor-element elementor-element-dd53c4a e-flex e-con-boxed e-con e-parent\" data-id=\"dd53c4a\" data-element_type=\"container\" data-e-type=\"container\">\n\t\t\t\t\t<div class=\"e-con-inner\">\n\t\t\t\t<div class=\"elementor-element elementor-element-ad8ae6e elementor-widget elementor-widget-text-editor\" data-id=\"ad8ae6e\" data-element_type=\"widget\" data-e-type=\"widget\" data-widget_type=\"text-editor.default\">\n\t\t\t\t<div class=\"elementor-widget-container\">\n\t\t\t\t\t\t\t\t\t<h4>Implica\u00e7\u00f5es Mensuradas para a Pr\u00e1tica Futura<\/h4><p>Os dados apresentados em Belgrado refor\u00e7am a ideia de que a \u00faltima d\u00e9cada em oftalmologia foi definida pela ampla ado\u00e7\u00e3o de terapias intrav\u00edtreas e lasers refrativos, enquanto a pr\u00f3xima d\u00e9cada poder\u00e1 ser definida pelo aprimoramento destas ferramentas. H\u00e1 uma clara mudan\u00e7a para protocolos que priorizam a preserva\u00e7\u00e3o da microestrutura da c\u00f3rnea.<\/p><p>Esta evolu\u00e7\u00e3o n\u00e3o justifica o afastamento dos perfis de seguran\u00e7a estabelecidos, mas apoia uma abordagem mais cr\u00edtica na sele\u00e7\u00e3o de doentes. A evid\u00eancia apoia o uso de CXL personalizado e cirurgia lamelar avan\u00e7ada, embora n\u00e3o apoie a sua aplica\u00e7\u00e3o universal sem uma cuidadosa considera\u00e7\u00e3o do equil\u00edbrio custo-benef\u00edcio e do ambiente cl\u00ednico espec\u00edfico.<\/p><h4>Reflex\u00f5es Finais<\/h4><p>\u00c0 medida que o campo assinala marcos como o 60.\u00ba anivers\u00e1rio da cl\u00ednica Zvezdara, a aten\u00e7\u00e3o volta-se cada vez mais para saber se as ferramentas de diagn\u00f3stico atuais conseguem prever de forma fi\u00e1vel quais as c\u00f3rneas que responder\u00e3o ao tratamento e quais continuar\u00e3o a progredir. A mudan\u00e7a para estrat\u00e9gias de tratamento inovadoras \u00e9 not\u00e1vel, mas levanta uma quest\u00e3o fundamental: ainda estamos a tratar a forma da c\u00f3rnea, ou estamos a come\u00e7ar a abordar a instabilidade biomec\u00e2nica subjacente que define a doen\u00e7a?<\/p>\t\t\t\t\t\t\t\t<\/div>\n\t\t\t\t<\/div>\n\t\t\t\t\t<\/div>\n\t\t\t\t<\/div>\n\t\t\t\t<\/div>","protected":false},"excerpt":{"rendered":"<p>Com a Cl\u00ednica Oftalmol\u00f3gica KBC Zvezdara a celebrar 60 anos, os debates atuais em oftalmologia centram-se na transi\u00e7\u00e3o de protocolos padronizados para o tratamento personalizado do ceratocone e da ectasia corneana.<\/p>","protected":false},"author":4,"featured_media":552642,"comment_status":"closed","ping_status":"closed","sticky":false,"template":"","format":"standard","meta":{"_acf_changed":false,"footnotes":""},"categories":[214,1,97],"tags":[352,169,679,101629,123,101630,101628],"class_list":["post-552639","post","type-post","status-publish","format-standard","has-post-thumbnail","hentry","category-farhad-hafezi","category-general-news","category-podium-power","tag-corneal-cross-linking","tag-corneal-transplantation","tag-elza-institute","tag-kbc-zvezdara","tag-keratoconus","tag-ophthalmic-surgery","tag-ophthalmology-symposium-belgrade"],"acf":[],"yoast_head":"<!-- This site is optimized with the Yoast SEO plugin v27.4 - https:\/\/yoast.com\/product\/yoast-seo-wordpress\/ -->\n<title>The Evolving Management of Ectatic Corneal Disease - The ELZA Institute<\/title>\n<meta name=\"robots\" content=\"index, follow, max-snippet:-1, max-image-preview:large, max-video-preview:-1\" \/>\n<link rel=\"canonical\" href=\"https:\/\/www.elza-institute.com\/pt\/evolving-management-ectatic-corneal-disease\/\" \/>\n<meta property=\"og:locale\" content=\"pt_PT\" \/>\n<meta property=\"og:type\" content=\"article\" \/>\n<meta property=\"og:title\" content=\"The Evolving Management of Ectatic Corneal Disease - The ELZA Institute\" \/>\n<meta property=\"og:description\" content=\"As the Eye Clinic KBC Zvezdara celebrates 60 years, current debates in ophthalmology focus on the shift from standardized protocols to personalized treatment for keratoconus and corneal ectasia.\" \/>\n<meta property=\"og:url\" content=\"https:\/\/www.elza-institute.com\/pt\/evolving-management-ectatic-corneal-disease\/\" \/>\n<meta property=\"og:site_name\" content=\"The ELZA Institute\" \/>\n<meta property=\"article:publisher\" content=\"https:\/\/www.facebook.com\/ELZA.Institute\/\" \/>\n<meta property=\"article:published_time\" content=\"2026-04-24T15:08:55+00:00\" \/>\n<meta property=\"article:modified_time\" content=\"2026-04-24T15:08:56+00:00\" \/>\n<meta property=\"og:image\" content=\"https:\/\/www.elza-institute.com\/wp-content\/uploads\/2026\/04\/serbia-feri-featured-image.jpg\" \/>\n\t<meta property=\"og:image:width\" content=\"1200\" \/>\n\t<meta property=\"og:image:height\" content=\"600\" \/>\n\t<meta property=\"og:image:type\" content=\"image\/jpeg\" \/>\n<meta name=\"author\" content=\"Mark Hillen\" \/>\n<meta name=\"twitter:label1\" content=\"Escrito por\" \/>\n\t<meta name=\"twitter:data1\" content=\"Mark Hillen\" \/>\n\t<meta name=\"twitter:label2\" content=\"Tempo estimado de leitura\" \/>\n\t<meta name=\"twitter:data2\" content=\"3 minutos\" \/>\n<script type=\"application\/ld+json\" class=\"yoast-schema-graph\">{\"@context\":\"https:\\\/\\\/schema.org\",\"@graph\":[{\"@type\":\"Article\",\"@id\":\"https:\\\/\\\/www.elza-institute.com\\\/evolving-management-ectatic-corneal-disease\\\/#article\",\"isPartOf\":{\"@id\":\"https:\\\/\\\/www.elza-institute.com\\\/evolving-management-ectatic-corneal-disease\\\/\"},\"author\":{\"name\":\"Mark Hillen\",\"@id\":\"https:\\\/\\\/www.elza-institute.com\\\/#\\\/schema\\\/person\\\/e3929262886a5a60dd6965a6bc721d15\"},\"headline\":\"The Evolving Management of Ectatic Corneal Disease\",\"datePublished\":\"2026-04-24T15:08:55+00:00\",\"dateModified\":\"2026-04-24T15:08:56+00:00\",\"mainEntityOfPage\":{\"@id\":\"https:\\\/\\\/www.elza-institute.com\\\/evolving-management-ectatic-corneal-disease\\\/\"},\"wordCount\":568,\"publisher\":{\"@id\":\"https:\\\/\\\/www.elza-institute.com\\\/#organization\"},\"image\":{\"@id\":\"https:\\\/\\\/www.elza-institute.com\\\/evolving-management-ectatic-corneal-disease\\\/#primaryimage\"},\"thumbnailUrl\":\"https:\\\/\\\/www.elza-institute.com\\\/wp-content\\\/uploads\\\/2026\\\/04\\\/serbia-feri-featured-image.jpg\",\"keywords\":[\"corneal cross-linking\",\"Corneal Tranplantation\",\"ELZA Institute\",\"KBC Zvezdara\",\"Keratoconus\",\"ophthalmic surgery\",\"ophthalmology symposium Belgrade\"],\"articleSection\":[\"Farhad Hafezi\",\"News\",\"Podium Power\"],\"inLanguage\":\"pt-PT\"},{\"@type\":\"WebPage\",\"@id\":\"https:\\\/\\\/www.elza-institute.com\\\/evolving-management-ectatic-corneal-disease\\\/\",\"url\":\"https:\\\/\\\/www.elza-institute.com\\\/evolving-management-ectatic-corneal-disease\\\/\",\"name\":\"The Evolving Management of Ectatic Corneal Disease - The ELZA Institute\",\"isPartOf\":{\"@id\":\"https:\\\/\\\/www.elza-institute.com\\\/#website\"},\"primaryImageOfPage\":{\"@id\":\"https:\\\/\\\/www.elza-institute.com\\\/evolving-management-ectatic-corneal-disease\\\/#primaryimage\"},\"image\":{\"@id\":\"https:\\\/\\\/www.elza-institute.com\\\/evolving-management-ectatic-corneal-disease\\\/#primaryimage\"},\"thumbnailUrl\":\"https:\\\/\\\/www.elza-institute.com\\\/wp-content\\\/uploads\\\/2026\\\/04\\\/serbia-feri-featured-image.jpg\",\"datePublished\":\"2026-04-24T15:08:55+00:00\",\"dateModified\":\"2026-04-24T15:08:56+00:00\",\"breadcrumb\":{\"@id\":\"https:\\\/\\\/www.elza-institute.com\\\/evolving-management-ectatic-corneal-disease\\\/#breadcrumb\"},\"inLanguage\":\"pt-PT\",\"potentialAction\":[{\"@type\":\"ReadAction\",\"target\":[\"https:\\\/\\\/www.elza-institute.com\\\/evolving-management-ectatic-corneal-disease\\\/\"]}]},{\"@type\":\"ImageObject\",\"inLanguage\":\"pt-PT\",\"@id\":\"https:\\\/\\\/www.elza-institute.com\\\/evolving-management-ectatic-corneal-disease\\\/#primaryimage\",\"url\":\"https:\\\/\\\/www.elza-institute.com\\\/wp-content\\\/uploads\\\/2026\\\/04\\\/serbia-feri-featured-image.jpg\",\"contentUrl\":\"https:\\\/\\\/www.elza-institute.com\\\/wp-content\\\/uploads\\\/2026\\\/04\\\/serbia-feri-featured-image.jpg\",\"width\":1200,\"height\":600},{\"@type\":\"BreadcrumbList\",\"@id\":\"https:\\\/\\\/www.elza-institute.com\\\/evolving-management-ectatic-corneal-disease\\\/#breadcrumb\",\"itemListElement\":[{\"@type\":\"ListItem\",\"position\":1,\"name\":\"Home\",\"item\":\"https:\\\/\\\/www.elza-institute.com\\\/\"},{\"@type\":\"ListItem\",\"position\":2,\"name\":\"News\",\"item\":\"https:\\\/\\\/www.elza-institute.com\\\/general-news\\\/\"},{\"@type\":\"ListItem\",\"position\":3,\"name\":\"The Evolving Management of Ectatic Corneal Disease\"}]},{\"@type\":\"WebSite\",\"@id\":\"https:\\\/\\\/www.elza-institute.com\\\/#website\",\"url\":\"https:\\\/\\\/www.elza-institute.com\\\/\",\"name\":\"The ELZA Institute\",\"description\":\"Swiss EyeCare at its finest\",\"publisher\":{\"@id\":\"https:\\\/\\\/www.elza-institute.com\\\/#organization\"},\"potentialAction\":[{\"@type\":\"SearchAction\",\"target\":{\"@type\":\"EntryPoint\",\"urlTemplate\":\"https:\\\/\\\/www.elza-institute.com\\\/?s={search_term_string}\"},\"query-input\":{\"@type\":\"PropertyValueSpecification\",\"valueRequired\":true,\"valueName\":\"search_term_string\"}}],\"inLanguage\":\"pt-PT\"},{\"@type\":\"Organization\",\"@id\":\"https:\\\/\\\/www.elza-institute.com\\\/#organization\",\"name\":\"The ELZA Institute\",\"url\":\"https:\\\/\\\/www.elza-institute.com\\\/\",\"logo\":{\"@type\":\"ImageObject\",\"inLanguage\":\"pt-PT\",\"@id\":\"https:\\\/\\\/www.elza-institute.com\\\/#\\\/schema\\\/logo\\\/image\\\/\",\"url\":\"https:\\\/\\\/www.elza-institute.com\\\/wp-content\\\/uploads\\\/2016\\\/04\\\/ELZA-logo-V4.jpg\",\"contentUrl\":\"https:\\\/\\\/www.elza-institute.com\\\/wp-content\\\/uploads\\\/2016\\\/04\\\/ELZA-logo-V4.jpg\",\"width\":1181,\"height\":453,\"caption\":\"The ELZA Institute\"},\"image\":{\"@id\":\"https:\\\/\\\/www.elza-institute.com\\\/#\\\/schema\\\/logo\\\/image\\\/\"},\"sameAs\":[\"https:\\\/\\\/www.facebook.com\\\/ELZA.Institute\\\/\",\"https:\\\/\\\/x.com\\\/ELZA_Institute\",\"https:\\\/\\\/www.linkedin.com\\\/company\\\/elza-institute?trk=top_nav_home\"]},{\"@type\":\"Person\",\"@id\":\"https:\\\/\\\/www.elza-institute.com\\\/#\\\/schema\\\/person\\\/e3929262886a5a60dd6965a6bc721d15\",\"name\":\"Mark Hillen\",\"url\":\"https:\\\/\\\/www.elza-institute.com\\\/pt\\\/author\\\/markhillen\\\/\"}]}<\/script>\n<!-- \/ Yoast SEO plugin. -->","yoast_head_json":{"title":"A Gest\u00e3o em Evolu\u00e7\u00e3o da Doen\u00e7a Corneana Ectasiante - O Instituto ELZA","robots":{"index":"index","follow":"follow","max-snippet":"max-snippet:-1","max-image-preview":"max-image-preview:large","max-video-preview":"max-video-preview:-1"},"canonical":"https:\/\/www.elza-institute.com\/pt\/evolving-management-ectatic-corneal-disease\/","og_locale":"pt_PT","og_type":"article","og_title":"The Evolving Management of Ectatic Corneal Disease - The ELZA Institute","og_description":"As the Eye Clinic KBC Zvezdara celebrates 60 years, current debates in ophthalmology focus on the shift from standardized protocols to personalized treatment for keratoconus and corneal ectasia.","og_url":"https:\/\/www.elza-institute.com\/pt\/evolving-management-ectatic-corneal-disease\/","og_site_name":"The ELZA Institute","article_publisher":"https:\/\/www.facebook.com\/ELZA.Institute\/","article_published_time":"2026-04-24T15:08:55+00:00","article_modified_time":"2026-04-24T15:08:56+00:00","og_image":[{"width":1200,"height":600,"url":"https:\/\/www.elza-institute.com\/wp-content\/uploads\/2026\/04\/serbia-feri-featured-image.jpg","type":"image\/jpeg"}],"author":"Mark Hillen","twitter_misc":{"Escrito por":"Mark Hillen","Tempo estimado de leitura":"3 minutos"},"schema":{"@context":"https:\/\/schema.org","@graph":[{"@type":"Article","@id":"https:\/\/www.elza-institute.com\/evolving-management-ectatic-corneal-disease\/#article","isPartOf":{"@id":"https:\/\/www.elza-institute.com\/evolving-management-ectatic-corneal-disease\/"},"author":{"name":"Mark Hillen","@id":"https:\/\/www.elza-institute.com\/#\/schema\/person\/e3929262886a5a60dd6965a6bc721d15"},"headline":"The Evolving Management of Ectatic Corneal Disease","datePublished":"2026-04-24T15:08:55+00:00","dateModified":"2026-04-24T15:08:56+00:00","mainEntityOfPage":{"@id":"https:\/\/www.elza-institute.com\/evolving-management-ectatic-corneal-disease\/"},"wordCount":568,"publisher":{"@id":"https:\/\/www.elza-institute.com\/#organization"},"image":{"@id":"https:\/\/www.elza-institute.com\/evolving-management-ectatic-corneal-disease\/#primaryimage"},"thumbnailUrl":"https:\/\/www.elza-institute.com\/wp-content\/uploads\/2026\/04\/serbia-feri-featured-image.jpg","keywords":["corneal cross-linking","Corneal Tranplantation","ELZA Institute","KBC Zvezdara","Keratoconus","ophthalmic surgery","ophthalmology symposium Belgrade"],"articleSection":["Farhad Hafezi","News","Podium Power"],"inLanguage":"pt-PT"},{"@type":"WebPage","@id":"https:\/\/www.elza-institute.com\/evolving-management-ectatic-corneal-disease\/","url":"https:\/\/www.elza-institute.com\/evolving-management-ectatic-corneal-disease\/","name":"A Gest\u00e3o em Evolu\u00e7\u00e3o da Doen\u00e7a Corneana Ectasiante - O Instituto ELZA","isPartOf":{"@id":"https:\/\/www.elza-institute.com\/#website"},"primaryImageOfPage":{"@id":"https:\/\/www.elza-institute.com\/evolving-management-ectatic-corneal-disease\/#primaryimage"},"image":{"@id":"https:\/\/www.elza-institute.com\/evolving-management-ectatic-corneal-disease\/#primaryimage"},"thumbnailUrl":"https:\/\/www.elza-institute.com\/wp-content\/uploads\/2026\/04\/serbia-feri-featured-image.jpg","datePublished":"2026-04-24T15:08:55+00:00","dateModified":"2026-04-24T15:08:56+00:00","breadcrumb":{"@id":"https:\/\/www.elza-institute.com\/evolving-management-ectatic-corneal-disease\/#breadcrumb"},"inLanguage":"pt-PT","potentialAction":[{"@type":"ReadAction","target":["https:\/\/www.elza-institute.com\/evolving-management-ectatic-corneal-disease\/"]}]},{"@type":"ImageObject","inLanguage":"pt-PT","@id":"https:\/\/www.elza-institute.com\/evolving-management-ectatic-corneal-disease\/#primaryimage","url":"https:\/\/www.elza-institute.com\/wp-content\/uploads\/2026\/04\/serbia-feri-featured-image.jpg","contentUrl":"https:\/\/www.elza-institute.com\/wp-content\/uploads\/2026\/04\/serbia-feri-featured-image.jpg","width":1200,"height":600},{"@type":"BreadcrumbList","@id":"https:\/\/www.elza-institute.com\/evolving-management-ectatic-corneal-disease\/#breadcrumb","itemListElement":[{"@type":"ListItem","position":1,"name":"Home","item":"https:\/\/www.elza-institute.com\/"},{"@type":"ListItem","position":2,"name":"News","item":"https:\/\/www.elza-institute.com\/general-news\/"},{"@type":"ListItem","position":3,"name":"The Evolving Management of Ectatic Corneal Disease"}]},{"@type":"WebSite","@id":"https:\/\/www.elza-institute.com\/#website","url":"https:\/\/www.elza-institute.com\/","name":"O Instituto ELZA","description":"Swiss EyeCare no seu melhor","publisher":{"@id":"https:\/\/www.elza-institute.com\/#organization"},"potentialAction":[{"@type":"SearchAction","target":{"@type":"EntryPoint","urlTemplate":"https:\/\/www.elza-institute.com\/?s={search_term_string}"},"query-input":{"@type":"PropertyValueSpecification","valueRequired":true,"valueName":"search_term_string"}}],"inLanguage":"pt-PT"},{"@type":"Organization","@id":"https:\/\/www.elza-institute.com\/#organization","name":"O Instituto ELZA","url":"https:\/\/www.elza-institute.com\/","logo":{"@type":"ImageObject","inLanguage":"pt-PT","@id":"https:\/\/www.elza-institute.com\/#\/schema\/logo\/image\/","url":"https:\/\/www.elza-institute.com\/wp-content\/uploads\/2016\/04\/ELZA-logo-V4.jpg","contentUrl":"https:\/\/www.elza-institute.com\/wp-content\/uploads\/2016\/04\/ELZA-logo-V4.jpg","width":1181,"height":453,"caption":"The ELZA Institute"},"image":{"@id":"https:\/\/www.elza-institute.com\/#\/schema\/logo\/image\/"},"sameAs":["https:\/\/www.facebook.com\/ELZA.Institute\/","https:\/\/x.com\/ELZA_Institute","https:\/\/www.linkedin.com\/company\/elza-institute?trk=top_nav_home"]},{"@type":"Person","@id":"https:\/\/www.elza-institute.com\/#\/schema\/person\/e3929262886a5a60dd6965a6bc721d15","name":"Mark Hillen","url":"https:\/\/www.elza-institute.com\/pt\/author\/markhillen\/"}]}},"_links":{"self":[{"href":"https:\/\/www.elza-institute.com\/pt\/wp-json\/wp\/v2\/posts\/552639","targetHints":{"allow":["GET"]}}],"collection":[{"href":"https:\/\/www.elza-institute.com\/pt\/wp-json\/wp\/v2\/posts"}],"about":[{"href":"https:\/\/www.elza-institute.com\/pt\/wp-json\/wp\/v2\/types\/post"}],"author":[{"embeddable":true,"href":"https:\/\/www.elza-institute.com\/pt\/wp-json\/wp\/v2\/users\/4"}],"replies":[{"embeddable":true,"href":"https:\/\/www.elza-institute.com\/pt\/wp-json\/wp\/v2\/comments?post=552639"}],"version-history":[{"count":0,"href":"https:\/\/www.elza-institute.com\/pt\/wp-json\/wp\/v2\/posts\/552639\/revisions"}],"wp:featuredmedia":[{"embeddable":true,"href":"https:\/\/www.elza-institute.com\/pt\/wp-json\/wp\/v2\/media\/552642"}],"wp:attachment":[{"href":"https:\/\/www.elza-institute.com\/pt\/wp-json\/wp\/v2\/media?parent=552639"}],"wp:term":[{"taxonomy":"category","embeddable":true,"href":"https:\/\/www.elza-institute.com\/pt\/wp-json\/wp\/v2\/categories?post=552639"},{"taxonomy":"post_tag","embeddable":true,"href":"https:\/\/www.elza-institute.com\/pt\/wp-json\/wp\/v2\/tags?post=552639"}],"curies":[{"name":"wp","href":"https:\/\/api.w.org\/{rel}","templated":true}]}}