{"id":7626,"date":"2014-02-19T09:27:27","date_gmt":"2014-02-19T09:27:27","guid":{"rendered":"http:\/\/elza.magictrickshq.com\/?p=7626"},"modified":"2020-09-26T14:13:36","modified_gmt":"2020-09-26T14:13:36","slug":"european-vision-institute-visionary-of-the-quarter","status":"publish","type":"post","link":"https:\/\/www.elza-institute.com\/pt\/european-vision-institute-visionary-of-the-quarter\/","title":{"rendered":"Instituto Europeu da Vis\u00e3o: Vision\u00e1rio do trimestre"},"content":{"rendered":"<h3>\"Usar a luz para salvar a vis\u00e3o\" por Farhad Hafezi<\/h3>\n<p>O grupo de investiga\u00e7\u00e3o do Prof. Hafezi trabalha numa s\u00e9rie de projectos de investiga\u00e7\u00e3o cl\u00ednica e experimental. O seu objetivo \u00e9 desenvolver abordagens translacionais novas e inovadoras para doen\u00e7as da c\u00f3rnea, como a infe\u00e7\u00e3o da c\u00f3rnea e o ceratocone, utilizando t\u00e9cnicas que v\u00e3o desde abordagens de biologia celular a ensaios cl\u00ednicos multic\u00eantricos de fase III.  O CXL endurece mecanicamente a c\u00f3rnea atrav\u00e9s de um processo designado por fotopolimeriza\u00e7\u00e3o. Especificamente, este processo envolve luz UV que fornece energia em combina\u00e7\u00e3o com riboflavina (Vitamina B2), que \u00e9 a subst\u00e2ncia que induz liga\u00e7\u00f5es cruzadas no colag\u00e9nio; a abordagem experimental desta modalidade de tratamento come\u00e7ou em 1995.<\/p>\n<h4>Ler o artigo <strong><a href=\"https:\/\/www.elza-institute.com\/wp-content\/uploads\/2015\/02\/Visionary-of-the-quarter-0214.pdf\" target=\"_blank\" rel=\"noopener noreferrer\">aqui<\/a><\/strong>.<\/h4>","protected":false},"excerpt":{"rendered":"<p>O grupo de investiga\u00e7\u00e3o do Prof. Hafezi trabalha numa s\u00e9rie de projectos de investiga\u00e7\u00e3o cl\u00ednica e experimental<\/p>","protected":false},"author":1,"featured_media":7769,"comment_status":"closed","ping_status":"closed","sticky":false,"template":"","format":"standard","meta":{"_acf_changed":false,"footnotes":""},"categories":[214,96],"tags":[100,106,104],"class_list":["post-7626","post","type-post","status-publish","format-standard","has-post-thumbnail","hentry","category-farhad-hafezi","category-popular-press","tag-cxl","tag-keratitis","tag-pack-cxl"],"acf":[],"yoast_head":"<!-- This site is optimized with the Yoast SEO plugin v27.4 - https:\/\/yoast.com\/product\/yoast-seo-wordpress\/ -->\n<title>European Vision Institute: Visionary of the quarter - The ELZA Institute<\/title>\n<meta name=\"robots\" content=\"index, follow, max-snippet:-1, max-image-preview:large, max-video-preview:-1\" \/>\n<link rel=\"canonical\" href=\"https:\/\/www.elza-institute.com\/pt\/european-vision-institute-visionary-of-the-quarter\/\" \/>\n<meta property=\"og:locale\" content=\"pt_PT\" \/>\n<meta property=\"og:type\" content=\"article\" \/>\n<meta property=\"og:title\" content=\"European Vision Institute: Visionary of the quarter - The ELZA Institute\" \/>\n<meta property=\"og:description\" content=\"The research group of Prof. Hafezi works on a number of clinical and experimental research projects\" \/>\n<meta property=\"og:url\" content=\"https:\/\/www.elza-institute.com\/pt\/european-vision-institute-visionary-of-the-quarter\/\" \/>\n<meta property=\"og:site_name\" content=\"The ELZA Institute\" \/>\n<meta property=\"article:publisher\" content=\"https:\/\/www.facebook.com\/ELZA.Institute\/\" \/>\n<meta property=\"article:published_time\" content=\"2014-02-19T09:27:27+00:00\" \/>\n<meta property=\"article:modified_time\" content=\"2020-09-26T14:13:36+00:00\" \/>\n<meta property=\"og:image\" content=\"https:\/\/www.elza-institute.com\/wp-content\/uploads\/2015\/02\/EVI-Logo.jpg\" \/>\n\t<meta property=\"og:image:width\" content=\"1200\" \/>\n\t<meta property=\"og:image:height\" content=\"600\" \/>\n\t<meta property=\"og:image:type\" content=\"image\/jpeg\" \/>\n<meta name=\"author\" content=\"Prof. Farhad Hafezi\" \/>\n<meta name=\"twitter:label1\" content=\"Escrito por\" \/>\n\t<meta name=\"twitter:data1\" content=\"Prof. Farhad Hafezi\" \/>\n\t<meta name=\"twitter:label2\" content=\"Tempo estimado de leitura\" \/>\n\t<meta name=\"twitter:data2\" content=\"1 minuto\" \/>\n<script type=\"application\/ld+json\" class=\"yoast-schema-graph\">{\"@context\":\"https:\\\/\\\/schema.org\",\"@graph\":[{\"@type\":\"Article\",\"@id\":\"https:\\\/\\\/www.elza-institute.com\\\/de-ch\\\/european-vision-institute-visionary-of-the-quarter\\\/#article\",\"isPartOf\":{\"@id\":\"https:\\\/\\\/www.elza-institute.com\\\/de-ch\\\/european-vision-institute-visionary-of-the-quarter\\\/\"},\"author\":{\"name\":\"Prof. Farhad Hafezi\",\"@id\":\"https:\\\/\\\/www.elza-institute.com\\\/#\\\/schema\\\/person\\\/fe18c29daf39386a63981ffe5627ee2c\"},\"headline\":\"European Vision Institute: Visionary of the quarter\",\"datePublished\":\"2014-02-19T09:27:27+00:00\",\"dateModified\":\"2020-09-26T14:13:36+00:00\",\"mainEntityOfPage\":{\"@id\":\"https:\\\/\\\/www.elza-institute.com\\\/de-ch\\\/european-vision-institute-visionary-of-the-quarter\\\/\"},\"wordCount\":110,\"publisher\":{\"@id\":\"https:\\\/\\\/www.elza-institute.com\\\/#organization\"},\"image\":{\"@id\":\"https:\\\/\\\/www.elza-institute.com\\\/de-ch\\\/european-vision-institute-visionary-of-the-quarter\\\/#primaryimage\"},\"thumbnailUrl\":\"https:\\\/\\\/www.elza-institute.com\\\/wp-content\\\/uploads\\\/2015\\\/02\\\/EVI-Logo.jpg\",\"keywords\":[\"CXL\",\"Keratitis\",\"PACK-CXL\"],\"articleSection\":[\"Farhad Hafezi\",\"Popular press\"],\"inLanguage\":\"pt-PT\"},{\"@type\":\"WebPage\",\"@id\":\"https:\\\/\\\/www.elza-institute.com\\\/de-ch\\\/european-vision-institute-visionary-of-the-quarter\\\/\",\"url\":\"https:\\\/\\\/www.elza-institute.com\\\/de-ch\\\/european-vision-institute-visionary-of-the-quarter\\\/\",\"name\":\"European Vision Institute: Visionary of the quarter - The ELZA Institute\",\"isPartOf\":{\"@id\":\"https:\\\/\\\/www.elza-institute.com\\\/#website\"},\"primaryImageOfPage\":{\"@id\":\"https:\\\/\\\/www.elza-institute.com\\\/de-ch\\\/european-vision-institute-visionary-of-the-quarter\\\/#primaryimage\"},\"image\":{\"@id\":\"https:\\\/\\\/www.elza-institute.com\\\/de-ch\\\/european-vision-institute-visionary-of-the-quarter\\\/#primaryimage\"},\"thumbnailUrl\":\"https:\\\/\\\/www.elza-institute.com\\\/wp-content\\\/uploads\\\/2015\\\/02\\\/EVI-Logo.jpg\",\"datePublished\":\"2014-02-19T09:27:27+00:00\",\"dateModified\":\"2020-09-26T14:13:36+00:00\",\"breadcrumb\":{\"@id\":\"https:\\\/\\\/www.elza-institute.com\\\/de-ch\\\/european-vision-institute-visionary-of-the-quarter\\\/#breadcrumb\"},\"inLanguage\":\"pt-PT\",\"potentialAction\":[{\"@type\":\"ReadAction\",\"target\":[\"https:\\\/\\\/www.elza-institute.com\\\/de-ch\\\/european-vision-institute-visionary-of-the-quarter\\\/\"]}]},{\"@type\":\"ImageObject\",\"inLanguage\":\"pt-PT\",\"@id\":\"https:\\\/\\\/www.elza-institute.com\\\/de-ch\\\/european-vision-institute-visionary-of-the-quarter\\\/#primaryimage\",\"url\":\"https:\\\/\\\/www.elza-institute.com\\\/wp-content\\\/uploads\\\/2015\\\/02\\\/EVI-Logo.jpg\",\"contentUrl\":\"https:\\\/\\\/www.elza-institute.com\\\/wp-content\\\/uploads\\\/2015\\\/02\\\/EVI-Logo.jpg\",\"width\":1200,\"height\":600},{\"@type\":\"BreadcrumbList\",\"@id\":\"https:\\\/\\\/www.elza-institute.com\\\/de-ch\\\/european-vision-institute-visionary-of-the-quarter\\\/#breadcrumb\",\"itemListElement\":[{\"@type\":\"ListItem\",\"position\":1,\"name\":\"Home\",\"item\":\"https:\\\/\\\/www.elza-institute.com\\\/\"},{\"@type\":\"ListItem\",\"position\":2,\"name\":\"Farhad Hafezi\",\"item\":\"https:\\\/\\\/www.elza-institute.com\\\/farhad-hafezi\\\/\"},{\"@type\":\"ListItem\",\"position\":3,\"name\":\"European Vision Institute: Visionary of the quarter\"}]},{\"@type\":\"WebSite\",\"@id\":\"https:\\\/\\\/www.elza-institute.com\\\/#website\",\"url\":\"https:\\\/\\\/www.elza-institute.com\\\/\",\"name\":\"The ELZA Institute\",\"description\":\"Swiss EyeCare at its finest\",\"publisher\":{\"@id\":\"https:\\\/\\\/www.elza-institute.com\\\/#organization\"},\"potentialAction\":[{\"@type\":\"SearchAction\",\"target\":{\"@type\":\"EntryPoint\",\"urlTemplate\":\"https:\\\/\\\/www.elza-institute.com\\\/?s={search_term_string}\"},\"query-input\":{\"@type\":\"PropertyValueSpecification\",\"valueRequired\":true,\"valueName\":\"search_term_string\"}}],\"inLanguage\":\"pt-PT\"},{\"@type\":\"Organization\",\"@id\":\"https:\\\/\\\/www.elza-institute.com\\\/#organization\",\"name\":\"The ELZA Institute\",\"url\":\"https:\\\/\\\/www.elza-institute.com\\\/\",\"logo\":{\"@type\":\"ImageObject\",\"inLanguage\":\"pt-PT\",\"@id\":\"https:\\\/\\\/www.elza-institute.com\\\/#\\\/schema\\\/logo\\\/image\\\/\",\"url\":\"https:\\\/\\\/www.elza-institute.com\\\/wp-content\\\/uploads\\\/2016\\\/04\\\/ELZA-logo-V4.jpg\",\"contentUrl\":\"https:\\\/\\\/www.elza-institute.com\\\/wp-content\\\/uploads\\\/2016\\\/04\\\/ELZA-logo-V4.jpg\",\"width\":1181,\"height\":453,\"caption\":\"The ELZA Institute\"},\"image\":{\"@id\":\"https:\\\/\\\/www.elza-institute.com\\\/#\\\/schema\\\/logo\\\/image\\\/\"},\"sameAs\":[\"https:\\\/\\\/www.facebook.com\\\/ELZA.Institute\\\/\",\"https:\\\/\\\/x.com\\\/ELZA_Institute\",\"https:\\\/\\\/www.linkedin.com\\\/company\\\/elza-institute?trk=top_nav_home\"]},{\"@type\":\"Person\",\"@id\":\"https:\\\/\\\/www.elza-institute.com\\\/#\\\/schema\\\/person\\\/fe18c29daf39386a63981ffe5627ee2c\",\"name\":\"Prof. Farhad Hafezi\",\"url\":\"https:\\\/\\\/www.elza-institute.com\\\/pt\\\/author\\\/adminelza-institute-com\\\/\"}]}<\/script>\n<!-- \/ Yoast SEO plugin. -->","yoast_head_json":{"title":"Instituto Europeu da Vis\u00e3o: Vision\u00e1rio do trimestre - O Instituto ELZA","robots":{"index":"index","follow":"follow","max-snippet":"max-snippet:-1","max-image-preview":"max-image-preview:large","max-video-preview":"max-video-preview:-1"},"canonical":"https:\/\/www.elza-institute.com\/pt\/european-vision-institute-visionary-of-the-quarter\/","og_locale":"pt_PT","og_type":"article","og_title":"European Vision Institute: Visionary of the quarter - The ELZA Institute","og_description":"The research group of Prof. Hafezi works on a number of clinical and experimental research projects","og_url":"https:\/\/www.elza-institute.com\/pt\/european-vision-institute-visionary-of-the-quarter\/","og_site_name":"The ELZA Institute","article_publisher":"https:\/\/www.facebook.com\/ELZA.Institute\/","article_published_time":"2014-02-19T09:27:27+00:00","article_modified_time":"2020-09-26T14:13:36+00:00","og_image":[{"width":1200,"height":600,"url":"https:\/\/www.elza-institute.com\/wp-content\/uploads\/2015\/02\/EVI-Logo.jpg","type":"image\/jpeg"}],"author":"Prof. Farhad Hafezi","twitter_misc":{"Escrito por":"Prof. Farhad Hafezi","Tempo estimado de leitura":"1 minuto"},"schema":{"@context":"https:\/\/schema.org","@graph":[{"@type":"Article","@id":"https:\/\/www.elza-institute.com\/de-ch\/european-vision-institute-visionary-of-the-quarter\/#article","isPartOf":{"@id":"https:\/\/www.elza-institute.com\/de-ch\/european-vision-institute-visionary-of-the-quarter\/"},"author":{"name":"Prof. Farhad Hafezi","@id":"https:\/\/www.elza-institute.com\/#\/schema\/person\/fe18c29daf39386a63981ffe5627ee2c"},"headline":"European Vision Institute: Visionary of the quarter","datePublished":"2014-02-19T09:27:27+00:00","dateModified":"2020-09-26T14:13:36+00:00","mainEntityOfPage":{"@id":"https:\/\/www.elza-institute.com\/de-ch\/european-vision-institute-visionary-of-the-quarter\/"},"wordCount":110,"publisher":{"@id":"https:\/\/www.elza-institute.com\/#organization"},"image":{"@id":"https:\/\/www.elza-institute.com\/de-ch\/european-vision-institute-visionary-of-the-quarter\/#primaryimage"},"thumbnailUrl":"https:\/\/www.elza-institute.com\/wp-content\/uploads\/2015\/02\/EVI-Logo.jpg","keywords":["CXL","Keratitis","PACK-CXL"],"articleSection":["Farhad Hafezi","Popular press"],"inLanguage":"pt-PT"},{"@type":"WebPage","@id":"https:\/\/www.elza-institute.com\/de-ch\/european-vision-institute-visionary-of-the-quarter\/","url":"https:\/\/www.elza-institute.com\/de-ch\/european-vision-institute-visionary-of-the-quarter\/","name":"Instituto Europeu da Vis\u00e3o: Vision\u00e1rio do trimestre - O Instituto ELZA","isPartOf":{"@id":"https:\/\/www.elza-institute.com\/#website"},"primaryImageOfPage":{"@id":"https:\/\/www.elza-institute.com\/de-ch\/european-vision-institute-visionary-of-the-quarter\/#primaryimage"},"image":{"@id":"https:\/\/www.elza-institute.com\/de-ch\/european-vision-institute-visionary-of-the-quarter\/#primaryimage"},"thumbnailUrl":"https:\/\/www.elza-institute.com\/wp-content\/uploads\/2015\/02\/EVI-Logo.jpg","datePublished":"2014-02-19T09:27:27+00:00","dateModified":"2020-09-26T14:13:36+00:00","breadcrumb":{"@id":"https:\/\/www.elza-institute.com\/de-ch\/european-vision-institute-visionary-of-the-quarter\/#breadcrumb"},"inLanguage":"pt-PT","potentialAction":[{"@type":"ReadAction","target":["https:\/\/www.elza-institute.com\/de-ch\/european-vision-institute-visionary-of-the-quarter\/"]}]},{"@type":"ImageObject","inLanguage":"pt-PT","@id":"https:\/\/www.elza-institute.com\/de-ch\/european-vision-institute-visionary-of-the-quarter\/#primaryimage","url":"https:\/\/www.elza-institute.com\/wp-content\/uploads\/2015\/02\/EVI-Logo.jpg","contentUrl":"https:\/\/www.elza-institute.com\/wp-content\/uploads\/2015\/02\/EVI-Logo.jpg","width":1200,"height":600},{"@type":"BreadcrumbList","@id":"https:\/\/www.elza-institute.com\/de-ch\/european-vision-institute-visionary-of-the-quarter\/#breadcrumb","itemListElement":[{"@type":"ListItem","position":1,"name":"Home","item":"https:\/\/www.elza-institute.com\/"},{"@type":"ListItem","position":2,"name":"Farhad Hafezi","item":"https:\/\/www.elza-institute.com\/farhad-hafezi\/"},{"@type":"ListItem","position":3,"name":"European Vision Institute: Visionary of the quarter"}]},{"@type":"WebSite","@id":"https:\/\/www.elza-institute.com\/#website","url":"https:\/\/www.elza-institute.com\/","name":"O Instituto ELZA","description":"Swiss EyeCare no seu melhor","publisher":{"@id":"https:\/\/www.elza-institute.com\/#organization"},"potentialAction":[{"@type":"SearchAction","target":{"@type":"EntryPoint","urlTemplate":"https:\/\/www.elza-institute.com\/?s={search_term_string}"},"query-input":{"@type":"PropertyValueSpecification","valueRequired":true,"valueName":"search_term_string"}}],"inLanguage":"pt-PT"},{"@type":"Organization","@id":"https:\/\/www.elza-institute.com\/#organization","name":"O Instituto ELZA","url":"https:\/\/www.elza-institute.com\/","logo":{"@type":"ImageObject","inLanguage":"pt-PT","@id":"https:\/\/www.elza-institute.com\/#\/schema\/logo\/image\/","url":"https:\/\/www.elza-institute.com\/wp-content\/uploads\/2016\/04\/ELZA-logo-V4.jpg","contentUrl":"https:\/\/www.elza-institute.com\/wp-content\/uploads\/2016\/04\/ELZA-logo-V4.jpg","width":1181,"height":453,"caption":"The ELZA Institute"},"image":{"@id":"https:\/\/www.elza-institute.com\/#\/schema\/logo\/image\/"},"sameAs":["https:\/\/www.facebook.com\/ELZA.Institute\/","https:\/\/x.com\/ELZA_Institute","https:\/\/www.linkedin.com\/company\/elza-institute?trk=top_nav_home"]},{"@type":"Person","@id":"https:\/\/www.elza-institute.com\/#\/schema\/person\/fe18c29daf39386a63981ffe5627ee2c","name":"Prof. Farhad Hafezi","url":"https:\/\/www.elza-institute.com\/pt\/author\/adminelza-institute-com\/"}]}},"_links":{"self":[{"href":"https:\/\/www.elza-institute.com\/pt\/wp-json\/wp\/v2\/posts\/7626","targetHints":{"allow":["GET"]}}],"collection":[{"href":"https:\/\/www.elza-institute.com\/pt\/wp-json\/wp\/v2\/posts"}],"about":[{"href":"https:\/\/www.elza-institute.com\/pt\/wp-json\/wp\/v2\/types\/post"}],"author":[{"embeddable":true,"href":"https:\/\/www.elza-institute.com\/pt\/wp-json\/wp\/v2\/users\/1"}],"replies":[{"embeddable":true,"href":"https:\/\/www.elza-institute.com\/pt\/wp-json\/wp\/v2\/comments?post=7626"}],"version-history":[{"count":0,"href":"https:\/\/www.elza-institute.com\/pt\/wp-json\/wp\/v2\/posts\/7626\/revisions"}],"wp:featuredmedia":[{"embeddable":true,"href":"https:\/\/www.elza-institute.com\/pt\/wp-json\/wp\/v2\/media\/7769"}],"wp:attachment":[{"href":"https:\/\/www.elza-institute.com\/pt\/wp-json\/wp\/v2\/media?parent=7626"}],"wp:term":[{"taxonomy":"category","embeddable":true,"href":"https:\/\/www.elza-institute.com\/pt\/wp-json\/wp\/v2\/categories?post=7626"},{"taxonomy":"post_tag","embeddable":true,"href":"https:\/\/www.elza-institute.com\/pt\/wp-json\/wp\/v2\/tags?post=7626"}],"curies":[{"name":"wp","href":"https:\/\/api.w.org\/{rel}","templated":true}]}}